{"id":14454,"date":"2025-02-19T08:08:05","date_gmt":"2025-02-19T08:08:05","guid":{"rendered":"https:\/\/qiraatafrican.com\/fr\/?p=14454"},"modified":"2025-02-19T08:10:53","modified_gmt":"2025-02-19T08:10:53","slug":"apres-les-resolutions-sur-le-soudan-et-la-rdc-au-sommet-de-lunion-africaine-les-analystes-appellent-a-une-action-rapide","status":"publish","type":"post","link":"https:\/\/qiraatafrican.com\/fr\/14454\/apres-les-resolutions-sur-le-soudan-et-la-rdc-au-sommet-de-lunion-africaine-les-analystes-appellent-a-une-action-rapide\/","title":{"rendered":"Apr\u00e8s les r\u00e9solutions sur le Soudan et la RDC au sommet de l&rsquo;Union africaine, les analystes appellent \u00e0 une action rapide"},"content":{"rendered":"<p>Les analystes r\u00e9gionaux appellent \u00e0 la mise en \u0153uvre rapide des r\u00e9solutions adopt\u00e9es lors du r\u00e9cent sommet de l&rsquo;Union africaine (UA) en \u00c9thiopie. Le sommet a \u00e9t\u00e9 domin\u00e9 par des discussions sur l&rsquo;escalade des conflits dans l&rsquo;est de la R\u00e9publique d\u00e9mocratique du Congo (RDC) et au Soudan, ainsi que par des inqui\u00e9tudes concernant l&rsquo;impact des r\u00e9ductions de l&rsquo;aide am\u00e9ricaine sur le continent.<\/p>\n<p>Les dirigeants africains et les d\u00e9l\u00e9gu\u00e9s de plus de 50 pays se sont r\u00e9unis \u00e0 Addis-Abeba pour le 38e sommet de l&rsquo;UA samedi et dimanche.<\/p>\n<p>Les dirigeants pr\u00e9sents au sommet ont appel\u00e9 au dialogue pour mettre fin aux conflits en RDC et au Soudan et ont renouvel\u00e9 leurs appels \u00e0 la fusion de deux processus de paix existants &#8211; le processus du Rwanda et le processus de paix de Nairobi &#8211; pour rationaliser les n\u00e9gociations entre le gouvernement de la RDC et les rebelles du M23.<\/p>\n<p>Bankole Adeoye, commissaire de l&rsquo;UA aux affaires politiques, \u00e0 la paix et \u00e0 la s\u00e9curit\u00e9, a exprim\u00e9 ses inqui\u00e9tudes quant \u00e0 l&rsquo;escalade du conflit en RDC.<\/p>\n<p>\u00ab Nous sommes tous tr\u00e8s, tr\u00e8s pr\u00e9occup\u00e9s par le risque d\u2019une guerre r\u00e9gionale ouverte dans l\u2019est de la RDC \u00bb, a d\u00e9clar\u00e9 Adeoye. \u00ab Nous avons r\u00e9it\u00e9r\u00e9 la n\u00e9cessit\u00e9 de faire preuve de prudence et avons appel\u00e9 les rebelles du M23 et leurs partisans \u00e0 d\u00e9sarmer et \u00e0 se retirer. \u00bb<\/p>\n<p>Plus de 3 000 personnes ont \u00e9t\u00e9 tu\u00e9es dans des affrontements entre les forces gouvernementales et le groupe rebelle du M23 soutenu par le Rwanda. Les rebelles ont pris le contr\u00f4le de grandes villes congolaises, notamment Goma et Bukavu.<\/p>\n<p>Les dirigeants africains ont \u00e9galement condamn\u00e9 les violations des droits de l\u2019homme caus\u00e9es par le conflit qui dure depuis pr\u00e8s de deux ans au Soudan.<\/p>\n<p>Mais le s\u00e9nateur Iroegbu, analyste de la s\u00e9curit\u00e9, a d\u00e9clar\u00e9 que les dirigeants africains doivent cette fois-ci joindre le geste \u00e0 la parole.<\/p>\n<p>\u00ab Si ce qui se passe en RDC n\u2019est pas bien g\u00e9r\u00e9, la situation va s\u2019aggraver \u00bb, a d\u00e9clar\u00e9 Iroegbu. \u00ab Il ne s\u2019agit pas simplement de publier un communiqu\u00e9 \u00e0 la fin de la r\u00e9union ; il faut le suivre de mesures ou de plans strat\u00e9giques pour s\u2019assurer que certaines de ces questions soient abord\u00e9es et que des \u00e9quipes de m\u00e9diation soient mises en place pour trouver des solutions africaines aux probl\u00e8mes africains. \u00bb<\/p>\n<p>Au-del\u00e0 de la s\u00e9curit\u00e9, les dirigeants ont \u00e9galement abord\u00e9 l\u2019impact du changement climatique et de la s\u00e9curit\u00e9 alimentaire sur le continent, tout en exigeant des r\u00e9parations pour des si\u00e8cles d\u2019esclavage et de colonialisme.<\/p>\n<p>John Mahama, pr\u00e9sident de la R\u00e9publique du Ghana, a d\u00e9clar\u00e9 que l\u2019impact \u00e9conomique du colonialisme avait \u00e9t\u00e9 profond.<\/p>\n<p>\u00ab Le continent a perdu des milliers de milliards de dollars en ressources humaines et mat\u00e9rielles \u00e0 cause de l\u2019exploitation coloniale \u00bb, a-t-il d\u00e9clar\u00e9. \u00ab Aujourd\u2019hui, les descendants d\u2019Africains r\u00e9duits en esclavage continuent de faire face \u00e0 des disparit\u00e9s \u00e9conomiques, \u00e0 des in\u00e9galit\u00e9s sociales, \u00e0 une discrimination syst\u00e9mique et \u00e0 des pr\u00e9jug\u00e9s raciaux. Pour relever ces d\u00e9fis, il faut plus que les reconna\u00eetre, il faut agir. \u00bb<\/p>\n<p>Les dirigeants africains ont \u00e9galement discut\u00e9 de l\u2019impact des r\u00e9ductions de l\u2019aide am\u00e9ricaine, exhortant le continent \u00e0 se concentrer sur l\u2019autosuffisance et le financement national des projets de d\u00e9veloppement.<\/p>\n<p>Ngozi Okonjo-Iweala, directrice g\u00e9n\u00e9rale de l\u2019Organisation mondiale du commerce, s\u2019est entretenue avec la cha\u00eene de t\u00e9l\u00e9vision Channels Television, bas\u00e9e \u00e0 Lagos, en marge du sommet.<\/p>\n<p>\u00ab L\u2019Afrique doit vraiment changer ses mentalit\u00e9s. Je pense que l\u2019acc\u00e8s \u00e0 l\u2019aide est une chose du pass\u00e9 \u00bb, a-t-elle d\u00e9clar\u00e9. \u00ab Nous devons vraiment nous concentrer sur deux choses : attirer les investissements et mobiliser nos propres ressources nationales. Je pense que c\u2019est le th\u00e8me qui revient dans presque toutes les r\u00e9unions ici \u00e0 l\u2019UA. \u00bb<\/p>\n<p>De nombreux observateurs observeront la rapidit\u00e9 avec laquelle les dirigeants africains mettront en \u0153uvre les r\u00e9solutions du sommet.<\/p>\n<p>Mais les analystes pr\u00e9viennent que les retards dans la s\u00e9curisation de la paix au Soudan et au Congo pourraient entra\u00eener davantage de victimes et une instabilit\u00e9 prolong\u00e9e.<\/p>\n<div id=\"gtx-trans\" style=\"position: absolute; left: -44px; top: -0.333332px;\">\n<div class=\"gtx-trans-icon\"><\/div>\n<\/div>\n","protected":false},"excerpt":{"rendered":"<p>Apr\u00e8s les r\u00e9solutions sur le Soudan et la RDC au sommet de l&rsquo;Union africaine, les analystes appellent \u00e0 une action rapide<\/p>\n","protected":false},"author":1,"featured_media":14455,"comment_status":"closed","ping_status":"closed","sticky":false,"template":"","format":"standard","meta":{"iawp_total_views":6,"jnews-multi-image_gallery":[],"jnews_single_post":{"format":"standard","override":[{"template":"1","parallax":"1","fullscreen":"1","layout":"right-sidebar","sidebar":"default-sidebar","second_sidebar":"default-sidebar","sticky_sidebar":"1","share_position":"topbottom","share_float_style":"share-monocrhome","show_share_counter":"1","show_featured":"1","show_post_meta":"1","show_post_author_image":"1","show_post_date":"1","post_date_format":"default","post_date_format_custom":"Y\/m\/d","show_post_category":"1","show_post_reading_time":"0","post_reading_time_wpm":"300","post_calculate_word_method":"str_word_count","show_zoom_button":"0","zoom_button_out_step":"2","zoom_button_in_step":"3","show_post_tag":"1","number_popup_post":"1","show_post_related":"1","show_inline_post_related":"1"}],"image_override":[{"single_post_thumbnail_size":"crop-500","single_post_gallery_size":"crop-500"}],"trending_post_position":"meta","trending_post_label":"Trending","sponsored_post_label":"Sponsored by","disable_ad":"0","source_name":"VOA","subtitle":""},"jnews_primary_category":[],"jnews_social_meta":[],"jnews_override_counter":{"view_counter_number":"0","share_counter_number":"0","like_counter_number":"0","dislike_counter_number":"0"},"footnotes":""},"categories":[44,47],"tags":[143,1537,15,2931],"class_list":["post-14454","post","type-post","status-publish","format-standard","has-post-thumbnail","hentry","category-afrique-de-louest","category-politique","tag-rdc","tag-sommet-de-lunion-africaine","tag-soudan","tag-une-action-rapide"],"_links":{"self":[{"href":"https:\/\/qiraatafrican.com\/fr\/wp-json\/wp\/v2\/posts\/14454","targetHints":{"allow":["GET"]}}],"collection":[{"href":"https:\/\/qiraatafrican.com\/fr\/wp-json\/wp\/v2\/posts"}],"about":[{"href":"https:\/\/qiraatafrican.com\/fr\/wp-json\/wp\/v2\/types\/post"}],"author":[{"embeddable":true,"href":"https:\/\/qiraatafrican.com\/fr\/wp-json\/wp\/v2\/users\/1"}],"replies":[{"embeddable":true,"href":"https:\/\/qiraatafrican.com\/fr\/wp-json\/wp\/v2\/comments?post=14454"}],"version-history":[{"count":0,"href":"https:\/\/qiraatafrican.com\/fr\/wp-json\/wp\/v2\/posts\/14454\/revisions"}],"wp:featuredmedia":[{"embeddable":true,"href":"https:\/\/qiraatafrican.com\/fr\/wp-json\/wp\/v2\/media\/14455"}],"wp:attachment":[{"href":"https:\/\/qiraatafrican.com\/fr\/wp-json\/wp\/v2\/media?parent=14454"}],"wp:term":[{"taxonomy":"category","embeddable":true,"href":"https:\/\/qiraatafrican.com\/fr\/wp-json\/wp\/v2\/categories?post=14454"},{"taxonomy":"post_tag","embeddable":true,"href":"https:\/\/qiraatafrican.com\/fr\/wp-json\/wp\/v2\/tags?post=14454"}],"curies":[{"name":"wp","href":"https:\/\/api.w.org\/{rel}","templated":true}]}}