{"id":1444,"date":"2022-04-20T11:02:36","date_gmt":"2022-04-20T11:02:36","guid":{"rendered":"https:\/\/qiraatafrican.com\/fr\/?p=1444"},"modified":"2022-04-20T11:04:10","modified_gmt":"2022-04-20T11:04:10","slug":"un-an-apres-le-conseil-militaire-de-transition-du-tchad-fait-toujours-face-a-de-nombreux-defis","status":"publish","type":"post","link":"https:\/\/qiraatafrican.com\/fr\/1444\/un-an-apres-le-conseil-militaire-de-transition-du-tchad-fait-toujours-face-a-de-nombreux-defis\/","title":{"rendered":"Un An Apr\u00e8s, Le Conseil Militaire De Transition Du Tchad Fait Toujours Face \u00c0 De Nombreux D\u00e9fis"},"content":{"rendered":"<p>Un an apr\u00e8s la mort au combat du pr\u00e9sident tchadien Idriss D\u00e9by, de nombreux d\u00e9fis restent \u00e0 relever. Le conseil militaire de transition cr\u00e9\u00e9 le 21 avril 2021 a \u00e9t\u00e9 pr\u00e9sid\u00e9 par son fils Mahamat Idriss Deby qui s&rsquo;est adress\u00e9 \u00e0 la nation mardi soir et a \u00e9voqu\u00e9 les \u00e9checs, mais aussi les r\u00e9alisations positives de la junte au pouvoir.<\/p>\n<p>\u00ab\u00a0Contrairement aux pr\u00e9dictions de bouleversement social et de chaos institutionnel dans notre pays, la transition progresse r\u00e9guli\u00e8rement depuis un an.\u00a0\u00bb, a d\u00e9clar\u00e9 Mahamat Idriss Deby, pr\u00e9sident de la transition. L&rsquo;actuel dirigeant tchadien a d\u00e9clar\u00e9 que la prise du pouvoir par les militaires apr\u00e8s la mort du pr\u00e9sident D\u00e9by avait \u00e9vit\u00e9 un \u00ab\u00a0vide institutionnel\u00a0\u00bb. Feu le pr\u00e9sident Deby a \u00e9t\u00e9 tu\u00e9 lors d&rsquo;affrontements avec des rebelles quelques jours seulement apr\u00e8s sa r\u00e9\u00e9lection pour un sixi\u00e8me mandat. Son fils a promis un \u00ab\u00a0dialogue national inclusif\u00a0\u00bb ouvert \u00e0 \u00ab\u00a0toutes\u00a0\u00bb les oppositions, politiques et arm\u00e9es dans trois semaines. Comme annonc\u00e9 pr\u00e9c\u00e9demment, le dialogue national inclusif d\u00e9butera le 10 mai \u00e0 IN&rsquo;Djamena. au terme de laquelle notre cher et beau pays disposera d&rsquo;institutions permanentes qui r\u00e9pondent aux aspirations profondes et l\u00e9gitimes du peuple tchadien souverain \u00bb, a confirm\u00e9 Mahamat Idriss Deby.<\/p>\n<p>Des pourparlers entre diff\u00e9rents groupes d&rsquo;opposition ont d\u00e9j\u00e0 lieu \u00e0 Doha depuis mars. Le temps presse pour le conseil militaire de transition puisque l&rsquo;Union africaine leur a donn\u00e9 jusqu&rsquo;en octobre prochain pour organiser une transition d\u00e9mocratique.<\/p>\n","protected":false},"excerpt":{"rendered":"<p>Un an apr\u00e8s la mort au combat du pr\u00e9sident tchadien Idriss D\u00e9by, de nombreux d\u00e9fis restent \u00e0 relever. Le conseil militaire de transition cr\u00e9\u00e9 le 21 avril 2021 a \u00e9t\u00e9 pr\u00e9sid\u00e9 par son fils Mahamat Idriss Deby qui s&rsquo;est adress\u00e9 \u00e0 la nation mardi soir et a \u00e9voqu\u00e9 les \u00e9checs, mais aussi les r\u00e9alisations positives [&hellip;]<\/p>\n","protected":false},"author":1,"featured_media":0,"comment_status":"open","ping_status":"open","sticky":false,"template":"","format":"standard","meta":{"iawp_total_views":0,"jnews-multi-image_gallery":[],"jnews_single_post":{"source_name":"Africanews","source_url":"","via_name":"","via_url":"","override_template":"0","override":[{"template":"2","single_blog_custom":"","parallax":"1","fullscreen":"1","layout":"right-sidebar","sidebar":"default-sidebar","second_sidebar":"default-sidebar","sticky_sidebar":"1","share_position":"topbottom","share_float_style":"share-monocrhome","show_share_counter":"1","show_view_counter":"0","show_featured":"1","show_post_meta":"1","show_post_author":"0","show_post_author_image":"1","show_post_date":"1","post_date_format":"default","post_date_format_custom":"Y\/m\/d","show_post_category":"1","show_post_reading_time":"0","post_reading_time_wpm":"300","show_zoom_button":"0","zoom_button_out_step":"2","zoom_button_in_step":"3","show_post_tag":"1","show_prev_next_post":"0","show_popup_post":"0","number_popup_post":"1","show_author_box":"0","show_post_related":"1","show_inline_post_related":"1"}],"override_image_size":"0","image_override":[{"single_post_thumbnail_size":"crop-500","single_post_gallery_size":"crop-500"}],"trending_post":"0","trending_post_position":"meta","trending_post_label":"Trending","sponsored_post":"0","sponsored_post_label":"Sponsored by","sponsored_post_name":"","sponsored_post_url":"","sponsored_post_logo_enable":"0","sponsored_post_logo":"","sponsored_post_desc":"","disable_ad":"0"},"jnews_primary_category":{"id":"41"},"jnews_social_meta":{"fb_title":"","fb_description":"","fb_image":"","twitter_title":"","twitter_description":"","twitter_image":""},"jnews_override_counter":{"override_view_counter":"0","view_counter_number":"0","override_share_counter":"0","share_counter_number":"0","override_like_counter":"0","like_counter_number":"0","override_dislike_counter":"0","dislike_counter_number":"0"},"footnotes":""},"categories":[5,41],"tags":[585,584,533,468,58],"class_list":["post-1444","post","type-post","status-publish","format-standard","hentry","category-politique-africaine","category-afrique-centrale","tag-idriss-deby","tag-le-conseil-militaire-de-transition-du-tchad","tag-les-negociations-tchadiennes-a-doha","tag-qatar","tag-tchad"],"_links":{"self":[{"href":"https:\/\/qiraatafrican.com\/fr\/wp-json\/wp\/v2\/posts\/1444","targetHints":{"allow":["GET"]}}],"collection":[{"href":"https:\/\/qiraatafrican.com\/fr\/wp-json\/wp\/v2\/posts"}],"about":[{"href":"https:\/\/qiraatafrican.com\/fr\/wp-json\/wp\/v2\/types\/post"}],"author":[{"embeddable":true,"href":"https:\/\/qiraatafrican.com\/fr\/wp-json\/wp\/v2\/users\/1"}],"replies":[{"embeddable":true,"href":"https:\/\/qiraatafrican.com\/fr\/wp-json\/wp\/v2\/comments?post=1444"}],"version-history":[{"count":0,"href":"https:\/\/qiraatafrican.com\/fr\/wp-json\/wp\/v2\/posts\/1444\/revisions"}],"wp:attachment":[{"href":"https:\/\/qiraatafrican.com\/fr\/wp-json\/wp\/v2\/media?parent=1444"}],"wp:term":[{"taxonomy":"category","embeddable":true,"href":"https:\/\/qiraatafrican.com\/fr\/wp-json\/wp\/v2\/categories?post=1444"},{"taxonomy":"post_tag","embeddable":true,"href":"https:\/\/qiraatafrican.com\/fr\/wp-json\/wp\/v2\/tags?post=1444"}],"curies":[{"name":"wp","href":"https:\/\/api.w.org\/{rel}","templated":true}]}}