{"id":1430,"date":"2022-04-19T07:38:48","date_gmt":"2022-04-19T07:38:48","guid":{"rendered":"https:\/\/qiraatafrican.com\/fr\/?p=1430"},"modified":"2022-04-19T07:38:48","modified_gmt":"2022-04-19T07:38:48","slug":"mali-a-recu-deux-helicopteres-russes","status":"publish","type":"post","link":"https:\/\/qiraatafrican.com\/fr\/1430\/mali-a-recu-deux-helicopteres-russes\/","title":{"rendered":"Mali A Re\u00e7u Deux H\u00e9licopt\u00e8res Russes"},"content":{"rendered":"<p>La junte militaire au pouvoir \u00e0 Bamako a re\u00e7u une nouvelle cargaison d&rsquo;\u00e9quipements russes destin\u00e9s aux forces arm\u00e9es maliennes, dont \u00ab\u00a0deux h\u00e9licopt\u00e8res de combat et des radars de surveillance\u00a0\u00bb.<\/p>\n<p>\u00ab\u00a0Nous recevons ce deuxi\u00e8me lot d&rsquo;\u00e9quipements militaires de Russie. C&rsquo;est la manifestation d&rsquo;un partenariat tr\u00e8s fructueux avec l&rsquo;\u00c9tat russe\u00a0\u00bb, indique lundi un communiqu\u00e9 de la Direction de l&rsquo;information et des relations publiques des forces arm\u00e9es.<\/p>\n<p>Le compte Twitter officiel de la pr\u00e9sidence malienne a publi\u00e9 des images du d\u00e9chargement de la cargaison de l&rsquo;avion cargo russe qui a amen\u00e9 le mat\u00e9riel \u00e0 l&rsquo;a\u00e9roport international de Bamako.<\/p>\n<p>Les colonels qui ont pris le pouvoir par la force en ao\u00fbt 2020 au Mali en pleine tourmente s\u00e9curitaire se sont rapproch\u00e9s de la Russie en m\u00eame temps qu&rsquo;ils se d\u00e9tournaient de la France.<\/p>\n<p>Sur fond de crise diplomatique avec la junte, Paris a annonc\u00e9 en f\u00e9vrier le retrait de ses soldats d\u00e9ploy\u00e9s au Mali, op\u00e9ration qui doit s&rsquo;achever cet \u00e9t\u00e9.<\/p>\n<p>Le 31 mars, Bamako a re\u00e7u deux h\u00e9licopt\u00e8res de combat et radars russes, des \u00ab\u00a0h\u00e9licopt\u00e8res d&rsquo;attaque Mil Mi-35P\u00a0\u00bb et des \u00ab\u00a0syst\u00e8mes radar mobiles 59N6-TE\u00a0\u00bb, selon la newsletter sp\u00e9cialis\u00e9e Africa Intelligence.<\/p>\n<p>\u00ab Si cet \u00e9quipement permet au chef de la junte, le colonel Assimi Go\u00efta, de revendiquer personnellement avoir renforc\u00e9 [l&rsquo;arm\u00e9e malienne] avec le soutien de la Russie, il s&rsquo;agit en fait de l&rsquo;ancien pr\u00e9sident Ibrahim Boubacar Ke\u00efta (IBK), renvers\u00e9 par Go\u00efta [. ..] qui est \u00e0 l&rsquo;origine de la commande\u00a0\u00bb, \u00e9crit Africa Intelligence dans une note publi\u00e9e le 11 avril.<\/p>\n<p>Selon la m\u00eame source, cette commande faisait partie d&rsquo;un accord \u00ab conclu de gouvernement \u00e0 gouvernement en 2019 \u00bb et pr\u00e9voyait l&rsquo;achat d&rsquo;h\u00e9licopt\u00e8res \u00ab \u00e0 des conditions financi\u00e8res nettement plus attractives \u00bb que celles propos\u00e9es par le groupe europ\u00e9en Airbus.<\/p>\n<p>un charg\u00e9 de communication au minist\u00e8re de la D\u00e9fense \u00e0 Bamako a cependant d\u00e9menti cette information. \u00ab\u00a0M\u00eame les h\u00e9licopt\u00e8res re\u00e7us il y a quinze jours n&rsquo;\u00e9taient [pas] des commandes du r\u00e9gime IBK [&#8230;] Nous ne reconnaissons pas les commandes d&rsquo;un autre r\u00e9gime\u00a0\u00bb, a d\u00e9clar\u00e9 le responsable sous couvert d&rsquo;anonymat, selon l&rsquo;AFP.<\/p>\n","protected":false},"excerpt":{"rendered":"<p>La junte militaire au pouvoir \u00e0 Bamako a re\u00e7u une nouvelle cargaison d&rsquo;\u00e9quipements russes destin\u00e9s aux forces arm\u00e9es maliennes, dont \u00ab\u00a0deux h\u00e9licopt\u00e8res de combat et des radars de surveillance\u00a0\u00bb. \u00ab\u00a0Nous recevons ce deuxi\u00e8me lot d&rsquo;\u00e9quipements militaires de Russie. C&rsquo;est la manifestation d&rsquo;un partenariat tr\u00e8s fructueux avec l&rsquo;\u00c9tat russe\u00a0\u00bb, indique lundi un communiqu\u00e9 de la Direction [&hellip;]<\/p>\n","protected":false},"author":1,"featured_media":0,"comment_status":"open","ping_status":"open","sticky":false,"template":"","format":"standard","meta":{"iawp_total_views":6,"jnews-multi-image_gallery":[],"jnews_single_post":{"source_name":"Africanews","source_url":"","via_name":"","via_url":"","override_template":"0","override":[{"template":"2","single_blog_custom":"","parallax":"1","fullscreen":"1","layout":"right-sidebar","sidebar":"default-sidebar","second_sidebar":"default-sidebar","sticky_sidebar":"1","share_position":"topbottom","share_float_style":"share-monocrhome","show_share_counter":"1","show_view_counter":"0","show_featured":"1","show_post_meta":"1","show_post_author":"0","show_post_author_image":"1","show_post_date":"1","post_date_format":"default","post_date_format_custom":"Y\/m\/d","show_post_category":"1","show_post_reading_time":"0","post_reading_time_wpm":"300","show_zoom_button":"0","zoom_button_out_step":"2","zoom_button_in_step":"3","show_post_tag":"1","show_prev_next_post":"0","show_popup_post":"0","number_popup_post":"1","show_author_box":"0","show_post_related":"1","show_inline_post_related":"1"}],"override_image_size":"0","image_override":[{"single_post_thumbnail_size":"crop-500","single_post_gallery_size":"crop-500"}],"trending_post":"0","trending_post_position":"meta","trending_post_label":"Trending","sponsored_post":"0","sponsored_post_label":"Sponsored by","sponsored_post_name":"","sponsored_post_url":"","sponsored_post_logo_enable":"0","sponsored_post_logo":"","sponsored_post_desc":"","disable_ad":"0"},"jnews_primary_category":{"id":"5"},"jnews_social_meta":{"fb_title":"","fb_description":"","fb_image":"","twitter_title":"","twitter_description":"","twitter_image":""},"jnews_override_counter":{"override_view_counter":"0","view_counter_number":"0","override_share_counter":"0","share_counter_number":"0","override_like_counter":"0","like_counter_number":"0","override_dislike_counter":"0","dislike_counter_number":"0"},"footnotes":""},"categories":[44,5],"tags":[573,574,10,239],"class_list":["post-1430","post","type-post","status-publish","format-standard","hentry","category-afrique-de-louest","category-politique-africaine","tag-helicopteres-russes","tag-la-junte-militaire","tag-mali","tag-russie"],"_links":{"self":[{"href":"https:\/\/qiraatafrican.com\/fr\/wp-json\/wp\/v2\/posts\/1430","targetHints":{"allow":["GET"]}}],"collection":[{"href":"https:\/\/qiraatafrican.com\/fr\/wp-json\/wp\/v2\/posts"}],"about":[{"href":"https:\/\/qiraatafrican.com\/fr\/wp-json\/wp\/v2\/types\/post"}],"author":[{"embeddable":true,"href":"https:\/\/qiraatafrican.com\/fr\/wp-json\/wp\/v2\/users\/1"}],"replies":[{"embeddable":true,"href":"https:\/\/qiraatafrican.com\/fr\/wp-json\/wp\/v2\/comments?post=1430"}],"version-history":[{"count":0,"href":"https:\/\/qiraatafrican.com\/fr\/wp-json\/wp\/v2\/posts\/1430\/revisions"}],"wp:attachment":[{"href":"https:\/\/qiraatafrican.com\/fr\/wp-json\/wp\/v2\/media?parent=1430"}],"wp:term":[{"taxonomy":"category","embeddable":true,"href":"https:\/\/qiraatafrican.com\/fr\/wp-json\/wp\/v2\/categories?post=1430"},{"taxonomy":"post_tag","embeddable":true,"href":"https:\/\/qiraatafrican.com\/fr\/wp-json\/wp\/v2\/tags?post=1430"}],"curies":[{"name":"wp","href":"https:\/\/api.w.org\/{rel}","templated":true}]}}