{"id":14259,"date":"2025-02-02T04:35:10","date_gmt":"2025-02-02T04:35:10","guid":{"rendered":"https:\/\/qiraatafrican.com\/fr\/?p=14259"},"modified":"2025-02-02T04:35:10","modified_gmt":"2025-02-02T04:35:10","slug":"les-rebelles-du-m23-en-rdc-promettent-de-marcher-jusqua-la-capitale","status":"publish","type":"post","link":"https:\/\/qiraatafrican.com\/fr\/14259\/les-rebelles-du-m23-en-rdc-promettent-de-marcher-jusqua-la-capitale\/","title":{"rendered":"Les rebelles du M23 en RDC promettent de marcher jusqu&rsquo;\u00e0 la capitale"},"content":{"rendered":"<p>Les rebelles du M23 soutenus par le Rwanda ont annonc\u00e9 jeudi, lors d&rsquo;une r\u00e9union d&rsquo;information \u00e0 Goma, qu&rsquo;ils pr\u00e9voyaient de poursuivre leur offensive jusqu&rsquo;\u00e0 la capitale, Kinshasa.<\/p>\n<p>Le groupe a captur\u00e9 la ville cl\u00e9 de l&rsquo;est du Congo plus t\u00f4t cette semaine.<\/p>\n<p>Ils ont \u00e9galement d\u00e9clar\u00e9 qu&rsquo;ils \u00e9taient ouverts au dialogue avec le gouvernement dans le cadre de leurs plans pour obtenir le pouvoir politique en R\u00e9publique d\u00e9mocratique du Congo.<\/p>\n<p>\u00ab Notre objectif est le Congo, nous nous battons pour le Congo. Nous ne nous battons pas pour les minerais, nous ne nous battons pour rien [d&rsquo;autre] \u00bb, a d\u00e9clar\u00e9 l&rsquo;un des dirigeants politiques du M23, Corneille Nangaa.<\/p>\n<p>Des informations non confirm\u00e9es indiquent que les rebelles du M23 avancent actuellement vers Bukavu, la deuxi\u00e8me plus grande ville de la r\u00e9gion, malgr\u00e9 les appels internationaux \u00e0 un cessez-le-feu.<\/p>\n<p>Nangaa a d\u00e9clar\u00e9 que le groupe rebelle poursuivait le combat pour trois raisons.<\/p>\n<p>\u00ab La premi\u00e8re est qu&rsquo;il n&rsquo;y a pas d&rsquo;\u00c9tat en RDC. Le r\u00e9gime de Tshisekedi a d\u00e9truit l&rsquo;arm\u00e9e, d\u00e9truit la police nationale. Il a d\u00e9truit l&rsquo;administration et, surtout, il a d\u00e9truit la justice.\u00a0\u00bb<\/p>\n<p>L&rsquo;annonce du groupe intervient quelques heures apr\u00e8s que le pr\u00e9sident F\u00e9lix Tshisekedi a appel\u00e9 \u00e0 une mobilisation militaire massive pour r\u00e9sister \u00e0 la r\u00e9bellion.<\/p>\n<p>\u00ab\u00a0Je l&rsquo;encourage [Tshisekedi] \u00e0 continuer le combat, mais nous allons le combattre jusqu&rsquo;\u00e0 ce que nous arrivions \u00e0 Kinshasa\u00a0\u00bb, a d\u00e9clar\u00e9 Nangaa.<\/p>\n<p>Il n&rsquo;a donn\u00e9 aucune indication sur la mani\u00e8re dont les rebelles envisageaient d&rsquo;avancer vers la capitale, qui se trouve \u00e0 plus de 1 500 kilom\u00e8tres.<\/p>\n<p>Le M23 a appel\u00e9 les habitants de Goma \u00e0 vaquer \u00e0 leurs occupations quotidiennes pendant que les rebelles s&rsquo;effor\u00e7aient de faciliter l&rsquo;acheminement de l&rsquo;aide humanitaire dont ils ont tant besoin.<\/p>\n<p>Le coordinateur humanitaire des Nations Unies en RDC a d\u00e9clar\u00e9 que les services de base \u00e9taient en grande partie paralys\u00e9s dans la ville.<\/p>\n<p>Goma est un centre humanitaire essentiel pour plus de six millions de personnes d\u00e9plac\u00e9es par le conflit.<\/p>\n<p>Les experts des Nations Unies affirment que les rebelles sont soutenus par quelque 4 000 soldats du Rwanda voisin.<\/p>\n<p>Ils font partie des plus de 100 groupes arm\u00e9s qui se disputent le contr\u00f4le de l&rsquo;est du Congo, riche en minerais, depuis une d\u00e9cennie.<\/p>\n<p>Nangaa a rejet\u00e9 les suggestions selon lesquelles il s&rsquo;agissait d&rsquo;une bataille pour les ressources, en les qualifiant de \u00ab propagande de Kinshasa \u00bb, insistant sur le fait que \u00ab notre lutte est de restaurer cet \u00c9tat, de donner de la nourriture aux gens \u00bb.<\/p>\n<p>Il a d\u00e9clar\u00e9 que l&rsquo;objectif des rebelles \u00e9tait \u00ab de lancer le d\u00e9veloppement, de faire vivre les gens en paix ensemble, mais aussi de cr\u00e9er des opportunit\u00e9s pour la r\u00e9gion et pour le monde entier \u00bb.<\/p>\n<div id=\"gtx-trans\" style=\"position: absolute; left: 10px; top: 48.8217px;\">\n<div class=\"gtx-trans-icon\"><\/div>\n<\/div>\n","protected":false},"excerpt":{"rendered":"<p>Les rebelles du M23 soutenus par le Rwanda ont annonc\u00e9 jeudi, lors d&rsquo;une r\u00e9union d&rsquo;information \u00e0 Goma, qu&rsquo;ils pr\u00e9voyaient de poursuivre leur offensive jusqu&rsquo;\u00e0 la capitale, Kinshasa. Le groupe a captur\u00e9 la ville cl\u00e9 de l&rsquo;est du Congo plus t\u00f4t cette semaine. Ils ont \u00e9galement d\u00e9clar\u00e9 qu&rsquo;ils \u00e9taient ouverts au dialogue avec le gouvernement dans [&hellip;]<\/p>\n","protected":false},"author":1,"featured_media":14260,"comment_status":"closed","ping_status":"closed","sticky":false,"template":"","format":"standard","meta":{"iawp_total_views":26,"jnews-multi-image_gallery":[],"jnews_single_post":{"subtitle":"","format":"standard","override":[{"template":"1","parallax":"1","fullscreen":"1","layout":"right-sidebar","sidebar":"default-sidebar","second_sidebar":"default-sidebar","sticky_sidebar":"1","share_position":"topbottom","share_float_style":"share-monocrhome","show_share_counter":"1","show_featured":"1","show_post_meta":"1","show_post_author_image":"1","show_post_date":"1","post_date_format":"default","post_date_format_custom":"Y\/m\/d","show_post_category":"1","show_post_reading_time":"0","post_reading_time_wpm":"300","post_calculate_word_method":"str_word_count","show_zoom_button":"0","zoom_button_out_step":"2","zoom_button_in_step":"3","show_post_tag":"1","number_popup_post":"1","show_post_related":"1","show_inline_post_related":"1"}],"image_override":[{"single_post_thumbnail_size":"crop-500","single_post_gallery_size":"crop-500"}],"trending_post_position":"meta","trending_post_label":"Trending","sponsored_post_label":"Sponsored by","disable_ad":"0"},"jnews_primary_category":[],"jnews_social_meta":[],"jnews_override_counter":{"view_counter_number":"0","share_counter_number":"0","like_counter_number":"0","dislike_counter_number":"0"},"footnotes":""},"categories":[47],"tags":[1171,143,20],"class_list":["post-14259","post","type-post","status-publish","format-standard","has-post-thumbnail","hentry","category-politique","tag-les-rebelles-du-m23","tag-rdc","tag-rwanda"],"_links":{"self":[{"href":"https:\/\/qiraatafrican.com\/fr\/wp-json\/wp\/v2\/posts\/14259","targetHints":{"allow":["GET"]}}],"collection":[{"href":"https:\/\/qiraatafrican.com\/fr\/wp-json\/wp\/v2\/posts"}],"about":[{"href":"https:\/\/qiraatafrican.com\/fr\/wp-json\/wp\/v2\/types\/post"}],"author":[{"embeddable":true,"href":"https:\/\/qiraatafrican.com\/fr\/wp-json\/wp\/v2\/users\/1"}],"replies":[{"embeddable":true,"href":"https:\/\/qiraatafrican.com\/fr\/wp-json\/wp\/v2\/comments?post=14259"}],"version-history":[{"count":0,"href":"https:\/\/qiraatafrican.com\/fr\/wp-json\/wp\/v2\/posts\/14259\/revisions"}],"wp:featuredmedia":[{"embeddable":true,"href":"https:\/\/qiraatafrican.com\/fr\/wp-json\/wp\/v2\/media\/14260"}],"wp:attachment":[{"href":"https:\/\/qiraatafrican.com\/fr\/wp-json\/wp\/v2\/media?parent=14259"}],"wp:term":[{"taxonomy":"category","embeddable":true,"href":"https:\/\/qiraatafrican.com\/fr\/wp-json\/wp\/v2\/categories?post=14259"},{"taxonomy":"post_tag","embeddable":true,"href":"https:\/\/qiraatafrican.com\/fr\/wp-json\/wp\/v2\/tags?post=14259"}],"curies":[{"name":"wp","href":"https:\/\/api.w.org\/{rel}","templated":true}]}}