{"id":14214,"date":"2025-01-27T08:01:43","date_gmt":"2025-01-27T08:01:43","guid":{"rendered":"https:\/\/qiraatafrican.com\/fr\/?p=14214"},"modified":"2025-01-27T08:01:43","modified_gmt":"2025-01-27T08:01:43","slug":"larmee-rwandaise-prete-a-envahir-la-rdc-et-a-aider-les-rebelles-a-semparer-de-la-ville","status":"publish","type":"post","link":"https:\/\/qiraatafrican.com\/fr\/14214\/larmee-rwandaise-prete-a-envahir-la-rdc-et-a-aider-les-rebelles-a-semparer-de-la-ville\/","title":{"rendered":"L&rsquo;arm\u00e9e rwandaise \u00ab pr\u00eate \u00e0 envahir la RDC \u00bb et \u00e0 aider les rebelles \u00e0 s&#8217;emparer de la ville"},"content":{"rendered":"<p>De nombreux soldats rwandais ont travers\u00e9 la fronti\u00e8re vers la R\u00e9publique d\u00e9mocratique du Congo (RDC) pour aider les rebelles \u00e0 s&#8217;emparer de la capitale r\u00e9gionale de Goma avant qu&rsquo;une r\u00e9union d&rsquo;urgence de l&rsquo;ONU sur la crise ne se tienne dimanche, ont averti des responsables des services de renseignement.<\/p>\n<p>Des soldats des Forces de d\u00e9fense rwandaises (RDF) auraient secr\u00e8tement travers\u00e9 la fronti\u00e8re vers l&rsquo;est de la RDC au cours des derniers jours pour aider une offensive \u00e9clair de la milice M23.<\/p>\n<p>Des responsables s&rsquo;adressant \u00e0 l&rsquo;Observer sous couvert d&rsquo;anonymat ont d\u00e9clar\u00e9 que les RDF avaient accru la pression sur la ville congolaise en massant des troupes du c\u00f4t\u00e9 rwandais de la fronti\u00e8re, \u00e0 quelques centaines de m\u00e8tres du centre de Goma.<\/p>\n<p>La plupart des commandants les plus haut plac\u00e9s des RDF auraient \u00e9t\u00e9 d\u00e9ploy\u00e9s dans la ville rwandaise de Gisenyi, \u00e0 moins d&rsquo;un kilom\u00e8tre de Goma de l&rsquo;autre c\u00f4t\u00e9 de la fronti\u00e8re.<\/p>\n<p>\u00ab L\u2019arm\u00e9e rwandaise est align\u00e9e \u00e0 la fronti\u00e8re, pr\u00eate \u00e0 envahir \u00bb, a d\u00e9clar\u00e9 une source qui conna\u00eet les RDF et qui a acc\u00e8s \u00e0 des renseignements en temps r\u00e9el.<\/p>\n<p>Des escarmouches f\u00e9roces entre les unit\u00e9s avanc\u00e9es du M23 et l\u2019arm\u00e9e congolaise ont \u00e9t\u00e9 signal\u00e9es dans les environs de Goma tout au long de la journ\u00e9e de samedi. Treize soldats de la paix de l\u2019ONU ont \u00e9t\u00e9 tu\u00e9s dans les combats, neuf parmi les soldats de la paix sud-africains, trois des Forces de d\u00e9fense du Malawi et un membre uruguayen de la force de l\u2019ONU qui a \u00e9t\u00e9 tu\u00e9 tandis que quatre autres ont \u00e9t\u00e9 bless\u00e9s.<\/p>\n<p>La ligne de front semble se rapprocher de plus en plus des environs de Goma, une source affirmant que les combats se d\u00e9roulaient presque dans les limites de la ville, ayant contourn\u00e9 les vastes camps de r\u00e9fugi\u00e9s qui abritent plus d\u2019un million de personnes d\u00e9plac\u00e9es par les combats.<\/p>\n<p>Une offensive majeure du M23 soutenu par le Rwanda a \u00e9t\u00e9 d\u00e9jou\u00e9e dans la nuit, ont indiqu\u00e9 des sources de l\u2019arm\u00e9e congolaise.<\/p>\n<p>\u00ab Les d\u00e9fenses de Goma tentent juste de tenir, mais ils [le Rwanda] veulent prendre Goma avant le Conseil de s\u00e9curit\u00e9 de l\u2019ONU \u00bb, a d\u00e9clar\u00e9 une source de haut rang des services de renseignements, sous couvert d\u2019anonymat.<br \/>\nEntre-temps, la RDC a rappel\u00e9 ses diplomates du Rwanda et a demand\u00e9 au Rwanda de cesser ses activit\u00e9s diplomatiques et consulaires dans la capitale congolaise Kinshasa, dans les 48 heures, selon une lettre du minist\u00e8re des Affaires \u00e9trang\u00e8res \u00e0 l\u2019ambassade du Rwanda qui a fuit\u00e9.<\/p>\n<p>Le Conseil de s\u00e9curit\u00e9 de l\u2019ONU a avanc\u00e9 une r\u00e9union d\u2019urgence dimanche pour discuter de la crise.<\/p>\n<p>Lorsque le M23 a pris Goma en 2012, ses forces se sont rapidement retir\u00e9es lorsque le Rwanda a subi une intense pression internationale pour cesser de soutenir la milice. Cette fois, selon des sources des services de renseignements, le Rwanda veut prendre le contr\u00f4le de la ville avant que l\u2019Occident ne puisse provoquer une r\u00e9ponse efficace.<\/p>\n<p>Une telle action n\u00e9cessitera que les unit\u00e9s du M23 percent rapidement les d\u00e9fenses assi\u00e9g\u00e9es de Goma, mettent en d\u00e9route l\u2019arm\u00e9e congolaise et prennent le contr\u00f4le de la ville de plus d\u2019un million d\u2019habitants sur la rive nord du lac Kivu.<\/p>\n<p>Avant l\u2019afflux r\u00e9cent de troupes rwandaises, les experts de l\u2019ONU estimaient que jusqu\u2019\u00e0 4 000 membres des FDR op\u00e9raient en RDC.<\/p>\n<p>Des sources avertissent \u00e9galement que le Rwanda ne s\u2019arr\u00eatera pas \u00e0 Goma et esp\u00e8re s\u2019emparer de la ville de Bukavu, situ\u00e9e pr\u00e8s de la fronti\u00e8re \u00e0 l\u2019extr\u00e9mit\u00e9 sud du lac Kivu.<\/p>\n<p>L\u2019insurrection du M23 dans l\u2019est de la RDC, riche en min\u00e9raux, s\u2019est intensifi\u00e9e cette ann\u00e9e, les rebelles prenant le contr\u00f4le de davantage de territoires. La semaine derni\u00e8re, ils ont pris le contr\u00f4le de Minova, une ville cl\u00e9 sur l\u2019une des principales voies d\u2019approvisionnement de Goma.<\/p>\n<p>Deux jours plus tard, ils ont captur\u00e9 Sake, une ville situ\u00e9e \u00e0 20 kilom\u00e8tres de Goma et qui \u00e9tait auparavant la principale position d\u00e9fensive de l\u2019arm\u00e9e contre le M23. Ces d\u00e9veloppements menacent l\u2019approvisionnement en nourriture et en produits de premi\u00e8re n\u00e9cessit\u00e9 \u00e0 Goma.<\/p>\n<p>S\u2019adressant samedi \u00e0 l\u2019Observer, Cl\u00e9mentine de Montjoye de Human Rights Watch a d\u00e9clar\u00e9 : \u00ab La situation est d\u00e9sastreuse. Aujourd\u2019hui, nous entendons parler de combats au nord et \u00e0 l\u2019ouest de la ville, ainsi que de p\u00e9nuries d\u2019eau et d\u2019\u00e9lectricit\u00e9 dans la ville.<\/p>\n<p>\u00ab \u00c9tant donn\u00e9 le grand nombre de civils qui cherchent refuge \u00e0 Goma, il faut faire pression sur toutes les parties pour qu\u2019elles prot\u00e8gent les civils et les infrastructures telles que les h\u00f4pitaux et qu\u2019elles permettent l\u2019acc\u00e8s \u00e0 l\u2019aide humanitaire. \u00bb<\/p>\n<p>De nombreux analystes critiquent la r\u00e9ponse de l\u2019Occident \u00e0 la crise, en particulier son incapacit\u00e9 \u00e0 ma\u00eetriser le pr\u00e9sident rwandais, Paul Kagame. Le Royaume-Uni, les \u00c9tats-Unis et la France \u2013 trois des cinq membres permanents du Conseil de s\u00e9curit\u00e9 de l\u2019ONU \u2013 sont accus\u00e9s par leurs d\u00e9tracteurs d\u2019\u00eatre trop proches de Kagame.<\/p>\n<p>Dans une d\u00e9claration faite samedi, l\u2019UE a d\u00e9clar\u00e9 : \u00ab Le Rwanda doit cesser de soutenir le M23 et se retirer. \u00bb<\/p>\n<p>Le gouvernement rwandais a d\u00e9clar\u00e9 qu\u2019il ne soutenait pas le M23, mais n\u2019avait pas r\u00e9pondu au moment de la mise sous presse.<\/p>\n<div id=\"gtx-trans\" style=\"position: absolute; left: -41px; top: -0.318182px;\">\n<div class=\"gtx-trans-icon\"><\/div>\n<\/div>\n","protected":false},"excerpt":{"rendered":"<p>De nombreux soldats rwandais ont travers\u00e9 la fronti\u00e8re vers la R\u00e9publique d\u00e9mocratique du Congo (RDC) pour aider les rebelles \u00e0 s&#8217;emparer de la capitale r\u00e9gionale de Goma avant qu&rsquo;une r\u00e9union d&rsquo;urgence de l&rsquo;ONU sur la crise ne se tienne dimanche, ont averti des responsables des services de renseignement. Des soldats des Forces de d\u00e9fense rwandaises [&hellip;]<\/p>\n","protected":false},"author":1,"featured_media":14215,"comment_status":"closed","ping_status":"closed","sticky":false,"template":"","format":"standard","meta":{"iawp_total_views":35,"jnews-multi-image_gallery":[],"jnews_single_post":{"format":"standard","override":[{"template":"1","parallax":"1","fullscreen":"1","layout":"right-sidebar","sidebar":"default-sidebar","second_sidebar":"default-sidebar","sticky_sidebar":"1","share_position":"topbottom","share_float_style":"share-monocrhome","show_share_counter":"1","show_featured":"1","show_post_meta":"1","show_post_author_image":"1","show_post_date":"1","post_date_format":"default","post_date_format_custom":"Y\/m\/d","show_post_category":"1","show_post_reading_time":"0","post_reading_time_wpm":"300","post_calculate_word_method":"str_word_count","show_zoom_button":"0","zoom_button_out_step":"2","zoom_button_in_step":"3","show_post_tag":"1","number_popup_post":"1","show_post_related":"1","show_inline_post_related":"1"}],"image_override":[{"single_post_thumbnail_size":"crop-500","single_post_gallery_size":"crop-500"}],"trending_post_position":"meta","trending_post_label":"Trending","sponsored_post_label":"Sponsored by","disable_ad":"0","source_name":"The Guardian","subtitle":""},"jnews_primary_category":[],"jnews_social_meta":[],"jnews_override_counter":{"view_counter_number":"0","share_counter_number":"0","like_counter_number":"0","dislike_counter_number":"0"},"footnotes":""},"categories":[41,47],"tags":[2792,143,2793,2794],"class_list":["post-14214","post","type-post","status-publish","format-standard","has-post-thumbnail","hentry","category-afrique-centrale","category-politique","tag-larmee-rwandaise","tag-rdc","tag-soldats-rwandais","tag-t"],"_links":{"self":[{"href":"https:\/\/qiraatafrican.com\/fr\/wp-json\/wp\/v2\/posts\/14214","targetHints":{"allow":["GET"]}}],"collection":[{"href":"https:\/\/qiraatafrican.com\/fr\/wp-json\/wp\/v2\/posts"}],"about":[{"href":"https:\/\/qiraatafrican.com\/fr\/wp-json\/wp\/v2\/types\/post"}],"author":[{"embeddable":true,"href":"https:\/\/qiraatafrican.com\/fr\/wp-json\/wp\/v2\/users\/1"}],"replies":[{"embeddable":true,"href":"https:\/\/qiraatafrican.com\/fr\/wp-json\/wp\/v2\/comments?post=14214"}],"version-history":[{"count":0,"href":"https:\/\/qiraatafrican.com\/fr\/wp-json\/wp\/v2\/posts\/14214\/revisions"}],"wp:featuredmedia":[{"embeddable":true,"href":"https:\/\/qiraatafrican.com\/fr\/wp-json\/wp\/v2\/media\/14215"}],"wp:attachment":[{"href":"https:\/\/qiraatafrican.com\/fr\/wp-json\/wp\/v2\/media?parent=14214"}],"wp:term":[{"taxonomy":"category","embeddable":true,"href":"https:\/\/qiraatafrican.com\/fr\/wp-json\/wp\/v2\/categories?post=14214"},{"taxonomy":"post_tag","embeddable":true,"href":"https:\/\/qiraatafrican.com\/fr\/wp-json\/wp\/v2\/tags?post=14214"}],"curies":[{"name":"wp","href":"https:\/\/api.w.org\/{rel}","templated":true}]}}