{"id":1408,"date":"2022-04-14T16:31:36","date_gmt":"2022-04-14T16:31:36","guid":{"rendered":"https:\/\/qiraatafrican.com\/fr\/?p=1408"},"modified":"2022-04-14T16:31:36","modified_gmt":"2022-04-14T16:31:36","slug":"la-demission-du-gouvernement-et-du-premier-ministre-de-cote-divoire","status":"publish","type":"post","link":"https:\/\/qiraatafrican.com\/fr\/1408\/la-demission-du-gouvernement-et-du-premier-ministre-de-cote-divoire\/","title":{"rendered":"La D\u00e9mission Du Gouvernement Et Du Premier Ministre De C\u00f4te d&rsquo;Ivoire"},"content":{"rendered":"<p>Dans une annonce inattendue, le Premier ministre Patrick Achi et son cabinet ont pr\u00e9sent\u00e9 leur d\u00e9mission. Le chef du gouvernement ivoirien occupait ce poste depuis un peu plus d&rsquo;un an.<\/p>\n<p>Le pr\u00e9sident ivoirien Alassane Ouattara a annonc\u00e9 mercredi que le Premier ministre ivoirien, Patrick Achi, avait pr\u00e9sent\u00e9 sa d\u00e9mission.<\/p>\n<p>Ouattara a fait cette annonce \u00e0 l&rsquo;ouverture de la derni\u00e8re r\u00e9union du Cabinet d&rsquo;Achi. Le pr\u00e9sident ivoirien s&rsquo;est engag\u00e9 \u00ab\u00a0\u00e0 nommer un nouveau Premier ministre qui viendra me proposer un gouvernement simplifi\u00e9\u00a0\u00bb d&rsquo;ici la semaine prochaine.<\/p>\n<p>\u00ab\u00a0J&rsquo;ai d\u00e9cid\u00e9 de r\u00e9duire le nombre de ministres du gouvernement afin de renforcer l&rsquo;efficacit\u00e9 du gouvernement et compte tenu de la situation \u00e9conomique mondiale actuelle\u00a0\u00bb, a d\u00e9clar\u00e9 Ouattara.<\/p>\n<p>\u00ab\u00a0Il est crucial de r\u00e9duire les d\u00e9penses de l&rsquo;\u00c9tat et de les orienter vers la r\u00e9silience sociale et s\u00e9curitaire\u00a0\u00bb, a-t-il ajout\u00e9.<\/p>\n<p>Un an de travail<\/p>\n<p>Achi est devenu Premier ministre en avril 2021, alors que la nation ouest-africaine \u00e9tait au milieu de la pand\u00e9mie de COVID-19.<\/p>\n<p>Il a \u00e9t\u00e9 nomm\u00e9 chef du gouvernement apr\u00e8s la mort de son pr\u00e9d\u00e9cesseur Hamed Bakayoko d&rsquo;un cancer. Bakayoko est \u00e9galement devenu Premier ministre apr\u00e8s la mort subite d&rsquo;Amadou Gon Coulibaly en juillet 2020.<\/p>\n<p>\u00ab\u00a0Tout au long de l&rsquo;ann\u00e9e \u00e9coul\u00e9e, malgr\u00e9 les conditions exceptionnelles r\u00e9sultant de la pand\u00e9mie ainsi que l&rsquo;environnement s\u00e9curitaire r\u00e9gional complexe, vous avez fait preuve d&rsquo;engagement et de d\u00e9termination\u00a0\u00bb, a d\u00e9clar\u00e9 le pr\u00e9sident Ouattara, louant Achi.<\/p>\n<p>Achi n&rsquo;a pas encore comment\u00e9 sa propre d\u00e9mission, mais lors de sa derni\u00e8re r\u00e9union du Cabinet, il a d\u00e9clar\u00e9 que sa d\u00e9cision de d\u00e9missionner faisait suite aux intentions du pr\u00e9sident de remanier le gouvernement.<\/p>\n<p>(Reuters, AFP)<\/p>\n","protected":false},"excerpt":{"rendered":"<p>Dans une annonce inattendue, le Premier ministre Patrick Achi et son cabinet ont pr\u00e9sent\u00e9 leur d\u00e9mission. Le chef du gouvernement ivoirien occupait ce poste depuis un peu plus d&rsquo;un an. Le pr\u00e9sident ivoirien Alassane Ouattara a annonc\u00e9 mercredi que le Premier ministre ivoirien, Patrick Achi, avait pr\u00e9sent\u00e9 sa d\u00e9mission. Ouattara a fait cette annonce \u00e0 [&hellip;]<\/p>\n","protected":false},"author":1,"featured_media":0,"comment_status":"open","ping_status":"open","sticky":false,"template":"","format":"standard","meta":{"iawp_total_views":2,"jnews-multi-image_gallery":[],"jnews_single_post":{"source_name":"AllAfrica","source_url":"","via_name":"","via_url":"","override_template":"0","override":[{"template":"1","single_blog_custom":"","parallax":"1","fullscreen":"1","layout":"right-sidebar","sidebar":"default-sidebar","second_sidebar":"default-sidebar","sticky_sidebar":"1","share_position":"top","share_float_style":"share-monocrhome","show_share_counter":"1","show_view_counter":"1","show_featured":"1","show_post_meta":"1","show_post_author":"1","show_post_author_image":"1","show_post_date":"1","post_date_format":"default","post_date_format_custom":"Y\/m\/d","show_post_category":"1","show_post_reading_time":"0","post_reading_time_wpm":"300","show_zoom_button":"0","zoom_button_out_step":"2","zoom_button_in_step":"3","show_post_tag":"1","show_prev_next_post":"1","show_popup_post":"1","number_popup_post":"1","show_author_box":"0","show_post_related":"0","show_inline_post_related":"0"}],"override_image_size":"0","image_override":[{"single_post_thumbnail_size":"crop-500","single_post_gallery_size":"crop-500"}],"trending_post":"0","trending_post_position":"meta","trending_post_label":"Trending","sponsored_post":"0","sponsored_post_label":"Sponsored by","sponsored_post_name":"","sponsored_post_url":"","sponsored_post_logo_enable":"0","sponsored_post_logo":"","sponsored_post_desc":"","disable_ad":"0"},"jnews_primary_category":{"id":"5"},"jnews_social_meta":{"fb_title":"","fb_description":"","fb_image":"","twitter_title":"","twitter_description":"","twitter_image":""},"jnews_override_counter":{"override_view_counter":"0","view_counter_number":"0","override_share_counter":"0","share_counter_number":"0","override_like_counter":"0","like_counter_number":"0","override_dislike_counter":"0","dislike_counter_number":"0"},"footnotes":""},"categories":[5,44],"tags":[32,559,560],"class_list":["post-1408","post","type-post","status-publish","format-standard","hentry","category-politique-africaine","category-afrique-de-louest","tag-cote-divoire","tag-la-demission-du-gouvernement","tag-premier-ministre"],"_links":{"self":[{"href":"https:\/\/qiraatafrican.com\/fr\/wp-json\/wp\/v2\/posts\/1408","targetHints":{"allow":["GET"]}}],"collection":[{"href":"https:\/\/qiraatafrican.com\/fr\/wp-json\/wp\/v2\/posts"}],"about":[{"href":"https:\/\/qiraatafrican.com\/fr\/wp-json\/wp\/v2\/types\/post"}],"author":[{"embeddable":true,"href":"https:\/\/qiraatafrican.com\/fr\/wp-json\/wp\/v2\/users\/1"}],"replies":[{"embeddable":true,"href":"https:\/\/qiraatafrican.com\/fr\/wp-json\/wp\/v2\/comments?post=1408"}],"version-history":[{"count":0,"href":"https:\/\/qiraatafrican.com\/fr\/wp-json\/wp\/v2\/posts\/1408\/revisions"}],"wp:attachment":[{"href":"https:\/\/qiraatafrican.com\/fr\/wp-json\/wp\/v2\/media?parent=1408"}],"wp:term":[{"taxonomy":"category","embeddable":true,"href":"https:\/\/qiraatafrican.com\/fr\/wp-json\/wp\/v2\/categories?post=1408"},{"taxonomy":"post_tag","embeddable":true,"href":"https:\/\/qiraatafrican.com\/fr\/wp-json\/wp\/v2\/tags?post=1408"}],"curies":[{"name":"wp","href":"https:\/\/api.w.org\/{rel}","templated":true}]}}