{"id":1405,"date":"2022-04-14T16:23:23","date_gmt":"2022-04-14T16:23:23","guid":{"rendered":"https:\/\/qiraatafrican.com\/fr\/?p=1405"},"modified":"2022-04-14T16:23:23","modified_gmt":"2022-04-14T16:23:23","slug":"mali-libere-des-employes-dong-allemandes-detenus-pour-terrorisme","status":"publish","type":"post","link":"https:\/\/qiraatafrican.com\/fr\/1405\/mali-libere-des-employes-dong-allemandes-detenus-pour-terrorisme\/","title":{"rendered":"Mali Lib\u00e8re Des Employ\u00e9s D&rsquo;ong Allemandes D\u00e9tenus Pour \u00ab\u00a0Terrorisme\u00a0\u00bb"},"content":{"rendered":"<p>Le Mali a lib\u00e9r\u00e9 trois Allemands qui ont \u00e9t\u00e9 arr\u00eat\u00e9s par l&rsquo;arm\u00e9e dimanche et qualifi\u00e9s de suspects de \u00ab\u00a0terrorisme\u00a0\u00bb, a annonc\u00e9 le minist\u00e8re allemand des Affaires \u00e9trang\u00e8res.<\/p>\n<p>Les trois &#8211; deux hommes et une femme &#8211; \u00e9taient des travailleurs allemands d&rsquo;une organisation non gouvernementale.<\/p>\n<p>Ils ont \u00e9t\u00e9 arr\u00eat\u00e9s dans le cadre d&rsquo;une op\u00e9ration antiterroriste pr\u00e8s de Diabaly, dans la r\u00e9gion centrale de S\u00e9gou, o\u00f9 les attaques de groupes arm\u00e9s sont courantes.<\/p>\n<p>Ils se trouvaient dans la zone pour un projet agricole, dans le cadre d&rsquo;un accord entre les autorit\u00e9s allemandes et maliennes, ont indiqu\u00e9 des sources diplomatiques et s\u00e9curitaires.<\/p>\n<p>Leur pr\u00e9sence sur place suscite l&rsquo;inqui\u00e9tude puisque c&rsquo;est l\u00e0 que l&rsquo;arm\u00e9e malienne et ses instructeurs russes ont \u00e9t\u00e9 accus\u00e9s d&rsquo;avoir commis des atrocit\u00e9s le mois dernier.<\/p>\n<p>Ils ont \u00e9t\u00e9 transf\u00e9r\u00e9s dans la capitale Bamako avant d&rsquo;\u00eatre lib\u00e9r\u00e9s.<\/p>\n<p>Leur lib\u00e9ration est intervenue au milieu d&rsquo;une visite du ministre allemand des Affaires \u00e9trang\u00e8res, qui se trouve au Mali depuis mardi.<\/p>\n","protected":false},"excerpt":{"rendered":"<p>Le Mali a lib\u00e9r\u00e9 trois Allemands qui ont \u00e9t\u00e9 arr\u00eat\u00e9s par l&rsquo;arm\u00e9e dimanche et qualifi\u00e9s de suspects de \u00ab\u00a0terrorisme\u00a0\u00bb, a annonc\u00e9 le minist\u00e8re allemand des Affaires \u00e9trang\u00e8res. Les trois &#8211; deux hommes et une femme &#8211; \u00e9taient des travailleurs allemands d&rsquo;une organisation non gouvernementale. Ils ont \u00e9t\u00e9 arr\u00eat\u00e9s dans le cadre d&rsquo;une op\u00e9ration antiterroriste pr\u00e8s [&hellip;]<\/p>\n","protected":false},"author":1,"featured_media":0,"comment_status":"open","ping_status":"open","sticky":false,"template":"","format":"standard","meta":{"iawp_total_views":5,"jnews-multi-image_gallery":[],"jnews_single_post":{"source_name":"BBC","source_url":"","via_name":"","via_url":"","override_template":"0","override":[{"template":"1","single_blog_custom":"","parallax":"1","fullscreen":"1","layout":"right-sidebar","sidebar":"default-sidebar","second_sidebar":"default-sidebar","sticky_sidebar":"1","share_position":"top","share_float_style":"share-monocrhome","show_share_counter":"1","show_view_counter":"1","show_featured":"1","show_post_meta":"1","show_post_author":"1","show_post_author_image":"1","show_post_date":"1","post_date_format":"default","post_date_format_custom":"Y\/m\/d","show_post_category":"1","show_post_reading_time":"0","post_reading_time_wpm":"300","show_zoom_button":"0","zoom_button_out_step":"2","zoom_button_in_step":"3","show_post_tag":"1","show_prev_next_post":"1","show_popup_post":"1","number_popup_post":"1","show_author_box":"0","show_post_related":"0","show_inline_post_related":"0"}],"override_image_size":"0","image_override":[{"single_post_thumbnail_size":"crop-500","single_post_gallery_size":"crop-500"}],"trending_post":"0","trending_post_position":"meta","trending_post_label":"Trending","sponsored_post":"0","sponsored_post_label":"Sponsored by","sponsored_post_name":"","sponsored_post_url":"","sponsored_post_logo_enable":"0","sponsored_post_logo":"","sponsored_post_desc":"","disable_ad":"0"},"jnews_primary_category":{"id":"5"},"jnews_social_meta":{"fb_title":"","fb_description":"","fb_image":"","twitter_title":"","twitter_description":"","twitter_image":""},"jnews_override_counter":{"override_view_counter":"0","view_counter_number":"0","override_share_counter":"0","share_counter_number":"0","override_like_counter":"0","like_counter_number":"0","override_dislike_counter":"0","dislike_counter_number":"0"},"footnotes":""},"categories":[5,44],"tags":[558,10,557,160],"class_list":["post-1405","post","type-post","status-publish","format-standard","hentry","category-politique-africaine","category-afrique-de-louest","tag-allemagne","tag-mali","tag-ong","tag-terrorisme"],"_links":{"self":[{"href":"https:\/\/qiraatafrican.com\/fr\/wp-json\/wp\/v2\/posts\/1405","targetHints":{"allow":["GET"]}}],"collection":[{"href":"https:\/\/qiraatafrican.com\/fr\/wp-json\/wp\/v2\/posts"}],"about":[{"href":"https:\/\/qiraatafrican.com\/fr\/wp-json\/wp\/v2\/types\/post"}],"author":[{"embeddable":true,"href":"https:\/\/qiraatafrican.com\/fr\/wp-json\/wp\/v2\/users\/1"}],"replies":[{"embeddable":true,"href":"https:\/\/qiraatafrican.com\/fr\/wp-json\/wp\/v2\/comments?post=1405"}],"version-history":[{"count":0,"href":"https:\/\/qiraatafrican.com\/fr\/wp-json\/wp\/v2\/posts\/1405\/revisions"}],"wp:attachment":[{"href":"https:\/\/qiraatafrican.com\/fr\/wp-json\/wp\/v2\/media?parent=1405"}],"wp:term":[{"taxonomy":"category","embeddable":true,"href":"https:\/\/qiraatafrican.com\/fr\/wp-json\/wp\/v2\/categories?post=1405"},{"taxonomy":"post_tag","embeddable":true,"href":"https:\/\/qiraatafrican.com\/fr\/wp-json\/wp\/v2\/tags?post=1405"}],"curies":[{"name":"wp","href":"https:\/\/api.w.org\/{rel}","templated":true}]}}