{"id":13899,"date":"2024-12-24T07:00:10","date_gmt":"2024-12-24T07:00:10","guid":{"rendered":"https:\/\/qiraatafrican.com\/fr\/?p=13899"},"modified":"2024-12-24T08:35:30","modified_gmt":"2024-12-24T08:35:30","slug":"lalliance-des-etats-du-sahel-rejette-le-calendrier-de-retrait-de-la-cedeao","status":"publish","type":"post","link":"https:\/\/qiraatafrican.com\/fr\/13899\/lalliance-des-etats-du-sahel-rejette-le-calendrier-de-retrait-de-la-cedeao\/","title":{"rendered":"L\u2019Alliance des \u00c9tats du Sahel rejette le calendrier de retrait de la CEDEAO"},"content":{"rendered":"<p><strong>L\u2019Alliance des \u00c9tats du Sahel (AES) compos\u00e9e du Mali, du Burkina Faso et du Niger a rejet\u00e9 les questions de calendrier pos\u00e9es par la Communaut\u00e9 \u00e9conomique des \u00c9tats de l\u2019Afrique de l\u2019Ouest (CEDEAO), affirmant qu\u2019il s\u2019agit d\u2019un stratag\u00e8me visant \u00e0 d\u00e9stabiliser leur nouvelle entit\u00e9.<\/strong><\/p>\n<p>Lors d\u2019un sommet tenu il y a une semaine \u00e0 Abuja, au Nig\u00e9ria, l\u2019organisation r\u00e9gionale a annonc\u00e9 une p\u00e9riode de retrait de six mois pour permettre aux trois pays de reconsid\u00e9rer leur d\u00e9cision apr\u00e8s leur date officielle de d\u00e9part, fin janvier 2025.<\/p>\n<p>Mais selon les chefs d\u2019\u00c9tat de l\u2019AES, cette d\u00e9cision n\u2019est \u00ab rien d\u2019autre qu\u2019une \u00e9ni\u00e8me tentative des Fran\u00e7ais et de ses auxiliaires de continuer \u00e0 planifier et \u00e0 mener des actions d\u00e9stabilisatrices contre l\u2019AES \u00bb.<\/p>\n<p>Le communiqu\u00e9 ajoute que \u00ab cette d\u00e9cision unilat\u00e9rale n\u2019est pas contraignante pour les pays de l\u2019AES \u00bb. Ils avaient d\u00e9j\u00e0 indiqu\u00e9 avant le sommet que leur d\u00e9cision de quitter l\u2019organisation \u00e9tait \u00ab irr\u00e9versible \u00bb.<\/p>\n<p>Il s\u2019agira d\u2019une \u00ab p\u00e9riode de transition \u00bb qui durera jusqu\u2019au \u00ab 29 juillet 2025 \u00bb pour \u00ab garder les portes de la CEDEAO ouvertes \u00bb, selon le pr\u00e9sident de la Commission de la CEDEAO.<\/p>\n<p>Les trois pays ont accus\u00e9 le bloc d\u2019avoir impos\u00e9 des sanctions \u00ab inhumaines et irresponsables \u00bb li\u00e9es au coup d\u2019\u00c9tat et de ne pas les avoir aid\u00e9s \u00e0 r\u00e9soudre leurs crises de s\u00e9curit\u00e9 int\u00e9rieure.<\/p>\n<p>Les trois pays touch\u00e9s par le coup d\u2019\u00c9tat ont largement repouss\u00e9 les efforts de la CEDEAO pour revenir sur leur retrait. Ils ont commenc\u00e9 \u00e0 r\u00e9fl\u00e9chir \u00e0 la mani\u00e8re de d\u00e9livrer des documents de voyage s\u00e9par\u00e9ment de la CEDEAO et forment leur propre alliance. Le pr\u00e9avis d\u2019un an pour leur d\u00e9part devrait \u00eatre achev\u00e9 en janvier.<\/p>\n<p>L\u2019un des principaux avantages d\u2019\u00eatre membre de la CEDEAO est la libre circulation des \u00c9tats membres sans visa, et on ne sait pas comment cela pourrait changer apr\u00e8s le d\u00e9part des trois pays du bloc.<\/p>\n","protected":false},"excerpt":{"rendered":"<p>L\u2019Alliance des \u00c9tats du Sahel (AES) compos\u00e9e du Mali, du Burkina Faso et du Niger a rejet\u00e9 les questions de calendrier pos\u00e9es par la Communaut\u00e9 \u00e9conomique des \u00c9tats de l\u2019Afrique de l\u2019Ouest (CEDEAO), affirmant qu\u2019il s\u2019agit d\u2019un stratag\u00e8me visant \u00e0 d\u00e9stabiliser leur nouvelle entit\u00e9.<\/p>\n","protected":false},"author":1,"featured_media":13900,"comment_status":"closed","ping_status":"closed","sticky":false,"template":"","format":"standard","meta":{"iawp_total_views":54,"jnews-multi-image_gallery":[],"jnews_single_post":{"subtitle":""},"jnews_primary_category":[],"jnews_social_meta":[],"jnews_override_counter":[],"footnotes":""},"categories":[44,40],"tags":[2612,115,112,10,51],"class_list":["post-13899","post","type-post","status-publish","format-standard","has-post-thumbnail","hentry","category-afrique-de-louest","category-regions","tag-alliance-des-etats-du-sahel-aes","tag-burkina-faso","tag-cedeao","tag-mali","tag-niger"],"_links":{"self":[{"href":"https:\/\/qiraatafrican.com\/fr\/wp-json\/wp\/v2\/posts\/13899","targetHints":{"allow":["GET"]}}],"collection":[{"href":"https:\/\/qiraatafrican.com\/fr\/wp-json\/wp\/v2\/posts"}],"about":[{"href":"https:\/\/qiraatafrican.com\/fr\/wp-json\/wp\/v2\/types\/post"}],"author":[{"embeddable":true,"href":"https:\/\/qiraatafrican.com\/fr\/wp-json\/wp\/v2\/users\/1"}],"replies":[{"embeddable":true,"href":"https:\/\/qiraatafrican.com\/fr\/wp-json\/wp\/v2\/comments?post=13899"}],"version-history":[{"count":0,"href":"https:\/\/qiraatafrican.com\/fr\/wp-json\/wp\/v2\/posts\/13899\/revisions"}],"wp:featuredmedia":[{"embeddable":true,"href":"https:\/\/qiraatafrican.com\/fr\/wp-json\/wp\/v2\/media\/13900"}],"wp:attachment":[{"href":"https:\/\/qiraatafrican.com\/fr\/wp-json\/wp\/v2\/media?parent=13899"}],"wp:term":[{"taxonomy":"category","embeddable":true,"href":"https:\/\/qiraatafrican.com\/fr\/wp-json\/wp\/v2\/categories?post=13899"},{"taxonomy":"post_tag","embeddable":true,"href":"https:\/\/qiraatafrican.com\/fr\/wp-json\/wp\/v2\/tags?post=13899"}],"curies":[{"name":"wp","href":"https:\/\/api.w.org\/{rel}","templated":true}]}}