{"id":1374,"date":"2022-04-12T09:40:16","date_gmt":"2022-04-12T09:40:16","guid":{"rendered":"https:\/\/qiraatafrican.com\/fr\/?p=1374"},"modified":"2022-04-12T10:10:02","modified_gmt":"2022-04-12T10:10:02","slug":"zelensky-veut-interpeller-lua-sur-linvasion-russe","status":"publish","type":"post","link":"https:\/\/qiraatafrican.com\/fr\/1374\/zelensky-veut-interpeller-lua-sur-linvasion-russe\/","title":{"rendered":"Zelensky Veut Interpeller l&rsquo;Union Africaine Sur L&rsquo;invasion Russe"},"content":{"rendered":"<p>Le pr\u00e9sident ukrainien Volodymyr Zelensky a tendu la main \u00e0 l&rsquo;Union africaine (UA) pour obtenir son soutien contre l&rsquo;agression de la Russie et a demand\u00e9 \u00e0 s&rsquo;adresser \u00e0 l&rsquo;organisation continentale.<\/p>\n<p>M. Zelensky a appel\u00e9 le pr\u00e9sident s\u00e9n\u00e9galais Macky Sall lundi et leur conversation a port\u00e9 sur une d\u00e9claration de l&rsquo;UA en f\u00e9vrier qui appelait \u00e0 un cessez-le-feu imm\u00e9diat et \u00e0 un retour aux n\u00e9gociations.<\/p>\n<p>Les nations africaines ont fait preuve de d\u00e9sunion en r\u00e9ponse \u00e0 l&rsquo;invasion de l&rsquo;Ukraine par la Russie. Le S\u00e9n\u00e9gal faisait partie des 17 pays africains qui se sont abstenus lors d&rsquo;un vote \u00e0 l&rsquo;ONU sur une r\u00e9solution exigeant que la Russie mette fin \u00e0 ses op\u00e9rations militaires en Ukraine.<\/p>\n<p>Lors de la conversation t\u00e9l\u00e9phonique, M. Zelensky a inform\u00e9 M. Sall de la \u00ab\u00a0lutte de l&rsquo;Ukraine contre l&rsquo;invasion et les crimes odieux de l&rsquo;agresseur russe\u00a0\u00bb, selon un tweet.<br \/>\nM. Sall, l&rsquo;actuel pr\u00e9sident de l&rsquo;UA, a reconnu les pourparlers et la demande de M. Zelensky de s&rsquo;adresser \u00e0 l&rsquo;Union africaine.<\/p>\n","protected":false},"excerpt":{"rendered":"<p>Le pr\u00e9sident ukrainien Volodymyr Zelensky a tendu la main \u00e0 l&rsquo;Union africaine (UA) pour obtenir son soutien contre l&rsquo;agression de la Russie et a demand\u00e9 \u00e0 s&rsquo;adresser \u00e0 l&rsquo;organisation continentale. M. Zelensky a appel\u00e9 le pr\u00e9sident s\u00e9n\u00e9galais Macky Sall lundi et leur conversation a port\u00e9 sur une d\u00e9claration de l&rsquo;UA en f\u00e9vrier qui appelait \u00e0 [&hellip;]<\/p>\n","protected":false},"author":1,"featured_media":0,"comment_status":"open","ping_status":"open","sticky":false,"template":"","format":"standard","meta":{"iawp_total_views":0,"jnews-multi-image_gallery":[],"jnews_single_post":{"source_name":"BBC","source_url":"","via_name":"","via_url":"","override_template":"0","override":[{"template":"1","single_blog_custom":"","parallax":"1","fullscreen":"1","layout":"right-sidebar","sidebar":"default-sidebar","second_sidebar":"default-sidebar","sticky_sidebar":"1","share_position":"top","share_float_style":"share-monocrhome","show_share_counter":"1","show_view_counter":"1","show_featured":"1","show_post_meta":"1","show_post_author":"1","show_post_author_image":"1","show_post_date":"1","post_date_format":"default","post_date_format_custom":"Y\/m\/d","show_post_category":"1","show_post_reading_time":"0","post_reading_time_wpm":"300","show_zoom_button":"0","zoom_button_out_step":"2","zoom_button_in_step":"3","show_post_tag":"1","show_prev_next_post":"1","show_popup_post":"1","number_popup_post":"1","show_author_box":"0","show_post_related":"0","show_inline_post_related":"0"}],"override_image_size":"0","image_override":[{"single_post_thumbnail_size":"crop-500","single_post_gallery_size":"crop-500"}],"trending_post":"0","trending_post_position":"meta","trending_post_label":"Trending","sponsored_post":"0","sponsored_post_label":"Sponsored by","sponsored_post_name":"","sponsored_post_url":"","sponsored_post_logo_enable":"0","sponsored_post_logo":"","sponsored_post_desc":"","disable_ad":"0"},"jnews_primary_category":{"id":"5"},"jnews_social_meta":{"fb_title":"","fb_description":"","fb_image":"","twitter_title":"","twitter_description":"","twitter_image":""},"jnews_override_counter":{"override_view_counter":"0","view_counter_number":"0","override_share_counter":"0","share_counter_number":"0","override_like_counter":"0","like_counter_number":"0","override_dislike_counter":"0","dislike_counter_number":"0"},"footnotes":""},"categories":[44,5],"tags":[263,189,239,233,543],"class_list":["post-1374","post","type-post","status-publish","format-standard","hentry","category-afrique-de-louest","category-politique-africaine","tag-lunion-africaine","tag-macky-sall","tag-russie","tag-ukraine","tag-volodymyr-zelensky"],"_links":{"self":[{"href":"https:\/\/qiraatafrican.com\/fr\/wp-json\/wp\/v2\/posts\/1374","targetHints":{"allow":["GET"]}}],"collection":[{"href":"https:\/\/qiraatafrican.com\/fr\/wp-json\/wp\/v2\/posts"}],"about":[{"href":"https:\/\/qiraatafrican.com\/fr\/wp-json\/wp\/v2\/types\/post"}],"author":[{"embeddable":true,"href":"https:\/\/qiraatafrican.com\/fr\/wp-json\/wp\/v2\/users\/1"}],"replies":[{"embeddable":true,"href":"https:\/\/qiraatafrican.com\/fr\/wp-json\/wp\/v2\/comments?post=1374"}],"version-history":[{"count":0,"href":"https:\/\/qiraatafrican.com\/fr\/wp-json\/wp\/v2\/posts\/1374\/revisions"}],"wp:attachment":[{"href":"https:\/\/qiraatafrican.com\/fr\/wp-json\/wp\/v2\/media?parent=1374"}],"wp:term":[{"taxonomy":"category","embeddable":true,"href":"https:\/\/qiraatafrican.com\/fr\/wp-json\/wp\/v2\/categories?post=1374"},{"taxonomy":"post_tag","embeddable":true,"href":"https:\/\/qiraatafrican.com\/fr\/wp-json\/wp\/v2\/tags?post=1374"}],"curies":[{"name":"wp","href":"https:\/\/api.w.org\/{rel}","templated":true}]}}