{"id":13635,"date":"2024-11-29T06:33:51","date_gmt":"2024-11-29T06:33:51","guid":{"rendered":"https:\/\/qiraatafrican.com\/fr\/?p=13635"},"modified":"2024-11-29T07:41:04","modified_gmt":"2024-11-29T07:41:04","slug":"zimbabwe-35-leaders-de-lopposition-liberes-dont-jameson-timba","status":"publish","type":"post","link":"https:\/\/qiraatafrican.com\/fr\/13635\/zimbabwe-35-leaders-de-lopposition-liberes-dont-jameson-timba\/","title":{"rendered":"Zimbabwe : 35 leaders de l&rsquo;opposition lib\u00e9r\u00e9s, dont Jameson Timba"},"content":{"rendered":"<p><strong>Un tribunal zimbabw\u00e9en a lib\u00e9r\u00e9 mercredi un leader de l&rsquo;opposition et 34 militants apr\u00e8s les avoir condamn\u00e9s \u00e0 des peines de prison avec sursis pour avoir particip\u00e9 \u00e0 ce que les autorit\u00e9s ont qualifi\u00e9 de rassemblement ill\u00e9gal.<\/strong><\/p>\n<p>Le magistrat Collet Ncube a condamn\u00e9 Jameson Timba, chef par int\u00e9rim d&rsquo;une faction du parti dissident Citizens Coalition for Change, \u00e0 deux ans de prison avec sursis apr\u00e8s que lui et les militants aient \u00e9t\u00e9 d\u00e9tenus pendant plus de cinq mois. Les militants ont \u00e9t\u00e9 condamn\u00e9s \u00e0 des peines de prison moins lourdes, et \u00e9galement avec sursis.<\/p>\n<p>Le magistrat a condamn\u00e9 Timba et les militants la semaine derni\u00e8re. Il a acquitt\u00e9 30 autres personnes qui avaient \u00e9t\u00e9 d\u00e9tenues aux c\u00f4t\u00e9s de Timba.<\/p>\n<p>La police les a arr\u00eat\u00e9s au domicile de Timba dans la capitale, Harare, et les a accus\u00e9s d&rsquo;avoir troubl\u00e9 l&rsquo;ordre public et d&rsquo;avoir particip\u00e9 \u00e0 un rassemblement dans l&rsquo;intention de promouvoir la violence, la violation de l&rsquo;ordre public ou le sectarisme. Le tribunal les a acquitt\u00e9s des accusations de trouble \u00e0 l&rsquo;ordre public en septembre.<\/p>\n<p>Leurs avocats ont d\u00e9clar\u00e9 qu&rsquo;ils \u00e9taient pr\u00e9sents \u00e0 la maison pour un barbecue comm\u00e9morant la Journ\u00e9e de l&rsquo;enfant africain, un \u00e9v\u00e9nement inscrit au calendrier de l&rsquo;Union africaine.<\/p>\n<p>Amnesty International a d\u00e9crit cette d\u00e9tention comme \u00ab une partie d&rsquo;une politique de r\u00e9pression inqui\u00e9tante \u00bb men\u00e9e par les autorit\u00e9s zimbabw\u00e9ennes sous la pr\u00e9sidence d&rsquo;Emmerson Mnangagwa et a demand\u00e9 une enqu\u00eate sur les all\u00e9gations selon lesquelles certains militants auraient \u00e9t\u00e9 tortur\u00e9s pendant leur garde \u00e0 vue.<\/p>\n<p>Le parti au pouvoir de Mnangagwa, la ZANU-PF, est depuis longtemps accus\u00e9 d&rsquo;utiliser la police et les tribunaux pour \u00e9touffer l&rsquo;opposition, en particulier sous l&rsquo;ancien pr\u00e9sident autocratique Robert Mugabe, qui a gouvern\u00e9 pendant 37 ans avant que Mnangagwa ne le remplace lors d&rsquo;un coup d&rsquo;\u00c9tat en 2017.<\/p>\n","protected":false},"excerpt":{"rendered":"<p>Un tribunal zimbabw\u00e9en a lib\u00e9r\u00e9 mercredi un leader de l&rsquo;opposition et 34 militants apr\u00e8s les avoir condamn\u00e9s \u00e0 des peines de prison avec sursis pour avoir particip\u00e9 \u00e0 ce que les autorit\u00e9s ont qualifi\u00e9 de rassemblement ill\u00e9gal.<\/p>\n","protected":false},"author":1,"featured_media":13637,"comment_status":"closed","ping_status":"closed","sticky":false,"template":"","format":"standard","meta":{"iawp_total_views":8,"jnews-multi-image_gallery":[],"jnews_single_post":{"subtitle":""},"jnews_primary_category":[],"jnews_social_meta":[],"jnews_override_counter":[],"footnotes":""},"categories":[2,5],"tags":[1103,2528,1440],"class_list":["post-13635","post","type-post","status-publish","format-standard","has-post-thumbnail","hentry","category-actualites-africaines","category-politique-africaine","tag-chef-de-lopposition","tag-jameson-timba","tag-la-politique-du-zimbabwe"],"_links":{"self":[{"href":"https:\/\/qiraatafrican.com\/fr\/wp-json\/wp\/v2\/posts\/13635","targetHints":{"allow":["GET"]}}],"collection":[{"href":"https:\/\/qiraatafrican.com\/fr\/wp-json\/wp\/v2\/posts"}],"about":[{"href":"https:\/\/qiraatafrican.com\/fr\/wp-json\/wp\/v2\/types\/post"}],"author":[{"embeddable":true,"href":"https:\/\/qiraatafrican.com\/fr\/wp-json\/wp\/v2\/users\/1"}],"replies":[{"embeddable":true,"href":"https:\/\/qiraatafrican.com\/fr\/wp-json\/wp\/v2\/comments?post=13635"}],"version-history":[{"count":0,"href":"https:\/\/qiraatafrican.com\/fr\/wp-json\/wp\/v2\/posts\/13635\/revisions"}],"wp:featuredmedia":[{"embeddable":true,"href":"https:\/\/qiraatafrican.com\/fr\/wp-json\/wp\/v2\/media\/13637"}],"wp:attachment":[{"href":"https:\/\/qiraatafrican.com\/fr\/wp-json\/wp\/v2\/media?parent=13635"}],"wp:term":[{"taxonomy":"category","embeddable":true,"href":"https:\/\/qiraatafrican.com\/fr\/wp-json\/wp\/v2\/categories?post=13635"},{"taxonomy":"post_tag","embeddable":true,"href":"https:\/\/qiraatafrican.com\/fr\/wp-json\/wp\/v2\/tags?post=13635"}],"curies":[{"name":"wp","href":"https:\/\/api.w.org\/{rel}","templated":true}]}}