{"id":1352,"date":"2022-04-10T11:38:38","date_gmt":"2022-04-10T11:38:38","guid":{"rendered":"https:\/\/qiraatafrican.com\/fr\/?p=1352"},"modified":"2022-04-10T11:38:38","modified_gmt":"2022-04-10T11:38:38","slug":"apres-un-traitement-a-letranger-alpha-conde-retourne-a-conakry","status":"publish","type":"post","link":"https:\/\/qiraatafrican.com\/fr\/1352\/apres-un-traitement-a-letranger-alpha-conde-retourne-a-conakry\/","title":{"rendered":"Apr\u00e8s Un Traitement \u00c0 L&rsquo;\u00e9tranger, Alpha Cond\u00e9 Retourne \u00c0 Conakry"},"content":{"rendered":"<p>Le pr\u00e9sident guin\u00e9en d\u00e9chu Alpha Cond\u00e9 \u00ab\u00a0est rentr\u00e9 \u00e0 Conakry vendredi apr\u00e8s-midi apr\u00e8s des soins m\u00e9dicaux aux Emirats arabes unis\u00a0\u00bb, selon un communiqu\u00e9 du gouvernement de transition lu \u00e0 la t\u00e9l\u00e9vision d&rsquo;Etat.<\/p>\n<p>\u00ab\u00a0L&rsquo;ancien pr\u00e9sident restera en Guin\u00e9e aussi longtemps que son \u00e9tat de sant\u00e9 le permettra. Son int\u00e9grit\u00e9 et sa dignit\u00e9 seront toujours respect\u00e9es conform\u00e9ment \u00e0 son rang et \u00e0 son statut\u00a0\u00bb, indique le communiqu\u00e9.<\/p>\n<p>Un document des affaires \u00e9trang\u00e8res guin\u00e9ennes indique que ce sont les autorit\u00e9s de Conakry qui ont demand\u00e9 son retour suite \u00e0 la diffusion en mars d&rsquo;un enregistrement attribu\u00e9 \u00e0 l&rsquo;ancien chef de l&rsquo;Etat des Emirats. L&rsquo;enregistrement parlait de la n\u00e9cessit\u00e9 pour le parti de M. Cond\u00e9 de se lancer dans la bataille en pr\u00e9vision d&rsquo;une grave d\u00e9t\u00e9rioration en Guin\u00e9e.<\/p>\n<p>Pour le minist\u00e8re des Affaires \u00e9trang\u00e8res, ces actions constituent \u00ab\u00a0une menace pour la paix et la stabilit\u00e9\u00a0\u00bb de la Guin\u00e9e et violent les termes d&rsquo;un engagement de la CEDEAO \u00e0 garantir l&rsquo;ancien pr\u00e9sident.<\/p>\n<p>Pendant ce temps, une coalition qui a combattu Cond\u00e9 pendant des mois a maintenant exhort\u00e9 la junte au pouvoir \u00e0 ouvrir imm\u00e9diatement le proc\u00e8s de l&rsquo;ancien chef d&rsquo;\u00c9tat apr\u00e8s son retour de l&rsquo;\u00e9tranger.<\/p>\n<p>Ce collectif a orchestr\u00e9 des mois de mobilisation en 2019-2020 contre un troisi\u00e8me mandat d&rsquo;Alpha Cond\u00e9. La manifestation, brutalement r\u00e9prim\u00e9e \u00e0 plusieurs reprises, a fait des dizaines de morts parmi les civils, mais n&rsquo;a pas emp\u00each\u00e9 la r\u00e9-inauguration d&rsquo;Alpha Cond\u00e9 en d\u00e9cembre 2020.<\/p>\n<p>Alpha Cond\u00e9, 84 ans, a quitt\u00e9 le pays mi-janvier pour des examens m\u00e9dicaux. Son parti, le Rassemblement du peuple de Guin\u00e9e (RPG), a indiqu\u00e9 dans un communiqu\u00e9 qu&rsquo;il continuerait \u00ab\u00a0d&rsquo;\u0153uvrer pour sa lib\u00e9ration totale\u00a0\u00bb et d\u00e9poserait une demande de visite dans les prochains jours.<\/p>\n<p>A la t\u00eate du pays pendant pr\u00e8s de 11 ans, il a \u00e9t\u00e9 renvers\u00e9, le 5 septembre 2021, par le colonel Doumbouya, devenu depuis pr\u00e9sident de la R\u00e9publique.<\/p>\n","protected":false},"excerpt":{"rendered":"<p>Le pr\u00e9sident guin\u00e9en d\u00e9chu Alpha Cond\u00e9 \u00ab\u00a0est rentr\u00e9 \u00e0 Conakry vendredi apr\u00e8s-midi apr\u00e8s des soins m\u00e9dicaux aux Emirats arabes unis\u00a0\u00bb, selon un communiqu\u00e9 du gouvernement de transition lu \u00e0 la t\u00e9l\u00e9vision d&rsquo;Etat. \u00ab\u00a0L&rsquo;ancien pr\u00e9sident restera en Guin\u00e9e aussi longtemps que son \u00e9tat de sant\u00e9 le permettra. Son int\u00e9grit\u00e9 et sa dignit\u00e9 seront toujours respect\u00e9es conform\u00e9ment [&hellip;]<\/p>\n","protected":false},"author":1,"featured_media":0,"comment_status":"open","ping_status":"open","sticky":false,"template":"","format":"standard","meta":{"iawp_total_views":1,"jnews-multi-image_gallery":[],"jnews_single_post":{"source_name":"Africanews","source_url":"","via_name":"","via_url":"","override_template":"0","override":[{"template":"1","single_blog_custom":"","parallax":"1","fullscreen":"1","layout":"right-sidebar","sidebar":"default-sidebar","second_sidebar":"default-sidebar","sticky_sidebar":"1","share_position":"top","share_float_style":"share-monocrhome","show_share_counter":"1","show_view_counter":"1","show_featured":"1","show_post_meta":"1","show_post_author":"1","show_post_author_image":"1","show_post_date":"1","post_date_format":"default","post_date_format_custom":"Y\/m\/d","show_post_category":"1","show_post_reading_time":"0","post_reading_time_wpm":"300","show_zoom_button":"0","zoom_button_out_step":"2","zoom_button_in_step":"3","show_post_tag":"1","show_prev_next_post":"1","show_popup_post":"1","number_popup_post":"1","show_author_box":"0","show_post_related":"0","show_inline_post_related":"0"}],"override_image_size":"0","image_override":[{"single_post_thumbnail_size":"crop-500","single_post_gallery_size":"crop-500"}],"trending_post":"0","trending_post_position":"meta","trending_post_label":"Trending","sponsored_post":"0","sponsored_post_label":"Sponsored by","sponsored_post_name":"","sponsored_post_url":"","sponsored_post_logo_enable":"0","sponsored_post_logo":"","sponsored_post_desc":"","disable_ad":"0"},"jnews_primary_category":{"id":"5"},"jnews_social_meta":{"fb_title":"","fb_description":"","fb_image":"","twitter_title":"","twitter_description":"","twitter_image":""},"jnews_override_counter":{"override_view_counter":"0","view_counter_number":"0","override_share_counter":"0","share_counter_number":"0","override_like_counter":"0","like_counter_number":"0","override_dislike_counter":"0","dislike_counter_number":"0"},"footnotes":""},"categories":[44,5],"tags":[357,530,26,529],"class_list":["post-1352","post","type-post","status-publish","format-standard","hentry","category-afrique-de-louest","category-politique-africaine","tag-alpha-conde","tag-emirats-arabes-unis","tag-guinee","tag-soins-medicaux"],"_links":{"self":[{"href":"https:\/\/qiraatafrican.com\/fr\/wp-json\/wp\/v2\/posts\/1352","targetHints":{"allow":["GET"]}}],"collection":[{"href":"https:\/\/qiraatafrican.com\/fr\/wp-json\/wp\/v2\/posts"}],"about":[{"href":"https:\/\/qiraatafrican.com\/fr\/wp-json\/wp\/v2\/types\/post"}],"author":[{"embeddable":true,"href":"https:\/\/qiraatafrican.com\/fr\/wp-json\/wp\/v2\/users\/1"}],"replies":[{"embeddable":true,"href":"https:\/\/qiraatafrican.com\/fr\/wp-json\/wp\/v2\/comments?post=1352"}],"version-history":[{"count":0,"href":"https:\/\/qiraatafrican.com\/fr\/wp-json\/wp\/v2\/posts\/1352\/revisions"}],"wp:attachment":[{"href":"https:\/\/qiraatafrican.com\/fr\/wp-json\/wp\/v2\/media?parent=1352"}],"wp:term":[{"taxonomy":"category","embeddable":true,"href":"https:\/\/qiraatafrican.com\/fr\/wp-json\/wp\/v2\/categories?post=1352"},{"taxonomy":"post_tag","embeddable":true,"href":"https:\/\/qiraatafrican.com\/fr\/wp-json\/wp\/v2\/tags?post=1352"}],"curies":[{"name":"wp","href":"https:\/\/api.w.org\/{rel}","templated":true}]}}