{"id":1349,"date":"2022-04-10T11:29:49","date_gmt":"2022-04-10T11:29:49","guid":{"rendered":"https:\/\/qiraatafrican.com\/fr\/?p=1349"},"modified":"2022-04-10T11:29:49","modified_gmt":"2022-04-10T11:29:49","slug":"la-russie-met-son-veto-a-la-demande-de-lonu-denqueter-sur-le-massacre-presume-de-mora-au-mali","status":"publish","type":"post","link":"https:\/\/qiraatafrican.com\/fr\/1349\/la-russie-met-son-veto-a-la-demande-de-lonu-denqueter-sur-le-massacre-presume-de-mora-au-mali\/","title":{"rendered":"La Russie Met Son Veto \u00c0 La Demande de L&rsquo;onu D&rsquo;enqu\u00eater Sur Le Massacre Pr\u00e9sum\u00e9 de Mora Au Mali"},"content":{"rendered":"<p>La France a d\u00e9pos\u00e9 vendredi une demande au Conseil de s\u00e9curit\u00e9 exigeant une enqu\u00eate ind\u00e9pendante sur le massacre pr\u00e9sum\u00e9 de Moroa, que la Russie a emp\u00each\u00e9. Selon des diplomates, cette demande s&rsquo;est heurt\u00e9e \u00e0 l&rsquo;opposition de Moscou avec le soutien de P\u00e9kin.<\/p>\n<p>Le projet de d\u00e9claration sur le Conseil de s\u00e9curit\u00e9 soulignait la \u00ab profonde pr\u00e9occupation \u00bb de ses membres \u00ab face aux all\u00e9gations de violations et d&rsquo;atteintes aux droits de l&rsquo;homme au Mali \u00bb et appelait \u00e0 \u00ab des enqu\u00eates approfondies et ind\u00e9pendantes pour \u00e9tablir les faits, identifier les responsables et les \u00e0 la justice.\u00a0\u00bb<\/p>\n<p>Mais la Russie et la Chine ont utilis\u00e9 leur droit de veto. Selon des sources diplomatiques jointes par l&rsquo;AFP, Moscou et P\u00e9kin ont jug\u00e9 le texte \u00ab\u00a0pr\u00e9matur\u00e9\u00a0\u00bb et \u00ab\u00a0n&rsquo;en ont pas vu l&rsquo;utilit\u00e9\u00a0\u00bb depuis que les autorit\u00e9s ont ouvert une enqu\u00eate \u00e0 Bamako.<\/p>\n<p>Ex\u00e9cutions sommaires<br \/>\nSelon un rapport de l&rsquo;ONG Human Rights Watch, 300 civils de Mora ont \u00e9t\u00e9 victimes d&rsquo;ex\u00e9cutions sommaires par des militaires maliens li\u00e9s \u00e0 des combattants \u00e9trangers. De son c\u00f4t\u00e9, les autorit\u00e9s de Bamako affirment avoir \u00ab\u00a0neutralis\u00e9\u00a0\u00bb 203 jihadistes.<\/p>\n<p>Le r\u00e9cit du Mali a \u00e9t\u00e9 interrog\u00e9 vendredi par le ministre fran\u00e7ais des Affaires \u00e9trang\u00e8res, tandis que le diplomate russe a f\u00e9licit\u00e9 Bamako pour une \u00ab\u00a0victoire importante\u00a0\u00bb sur le \u00ab\u00a0terrorisme\u00a0\u00bb, qualifiant de \u00ab\u00a0d\u00e9sinformation\u00a0\u00bb les all\u00e9gations de massacre de civils par les forces maliennes et l&rsquo;implication russe. Mercenaires en op\u00e9ration.<\/p>\n","protected":false},"excerpt":{"rendered":"<p>La France a d\u00e9pos\u00e9 vendredi une demande au Conseil de s\u00e9curit\u00e9 exigeant une enqu\u00eate ind\u00e9pendante sur le massacre pr\u00e9sum\u00e9 de Moroa, que la Russie a emp\u00each\u00e9. Selon des diplomates, cette demande s&rsquo;est heurt\u00e9e \u00e0 l&rsquo;opposition de Moscou avec le soutien de P\u00e9kin. Le projet de d\u00e9claration sur le Conseil de s\u00e9curit\u00e9 soulignait la \u00ab profonde [&hellip;]<\/p>\n","protected":false},"author":1,"featured_media":0,"comment_status":"open","ping_status":"open","sticky":false,"template":"","format":"standard","meta":{"iawp_total_views":0,"jnews-multi-image_gallery":[],"jnews_single_post":{"source_name":"RFI","source_url":"https:\/\/www.rfi.fr\/fr\/afrique\/20220409-mali-la-russie-met-son-veto-%C3%A0-l-onu-sur-une-demande-d-enqu%C3%AAte-sur-le-massacre-pr%C3%A9sum%C3%A9-de-moura","via_name":"","via_url":"","override_template":"0","override":[{"template":"1","single_blog_custom":"","parallax":"1","fullscreen":"1","layout":"right-sidebar","sidebar":"default-sidebar","second_sidebar":"default-sidebar","sticky_sidebar":"1","share_position":"top","share_float_style":"share-monocrhome","show_share_counter":"1","show_view_counter":"1","show_featured":"1","show_post_meta":"1","show_post_author":"1","show_post_author_image":"1","show_post_date":"1","post_date_format":"default","post_date_format_custom":"Y\/m\/d","show_post_category":"1","show_post_reading_time":"0","post_reading_time_wpm":"300","show_zoom_button":"0","zoom_button_out_step":"2","zoom_button_in_step":"3","show_post_tag":"1","show_prev_next_post":"1","show_popup_post":"1","number_popup_post":"1","show_author_box":"0","show_post_related":"0","show_inline_post_related":"0"}],"override_image_size":"0","image_override":[{"single_post_thumbnail_size":"crop-500","single_post_gallery_size":"crop-500"}],"trending_post":"0","trending_post_position":"meta","trending_post_label":"Trending","sponsored_post":"0","sponsored_post_label":"Sponsored by","sponsored_post_name":"","sponsored_post_url":"","sponsored_post_logo_enable":"0","sponsored_post_logo":"","sponsored_post_desc":"","disable_ad":"0"},"jnews_primary_category":{"id":"5"},"jnews_social_meta":{"fb_title":"","fb_description":"","fb_image":"","twitter_title":"","twitter_description":"","twitter_image":""},"jnews_override_counter":{"override_view_counter":"0","view_counter_number":"0","override_share_counter":"0","share_counter_number":"0","override_like_counter":"0","like_counter_number":"0","override_dislike_counter":"0","dislike_counter_number":"0"},"footnotes":""},"categories":[5,44],"tags":[528,527,10,177,239],"class_list":["post-1349","post","type-post","status-publish","format-standard","hentry","category-politique-africaine","category-afrique-de-louest","tag-conseil-de-securite","tag-enqueter-sur-le-massacre-presume-de-mora","tag-mali","tag-onu","tag-russie"],"_links":{"self":[{"href":"https:\/\/qiraatafrican.com\/fr\/wp-json\/wp\/v2\/posts\/1349","targetHints":{"allow":["GET"]}}],"collection":[{"href":"https:\/\/qiraatafrican.com\/fr\/wp-json\/wp\/v2\/posts"}],"about":[{"href":"https:\/\/qiraatafrican.com\/fr\/wp-json\/wp\/v2\/types\/post"}],"author":[{"embeddable":true,"href":"https:\/\/qiraatafrican.com\/fr\/wp-json\/wp\/v2\/users\/1"}],"replies":[{"embeddable":true,"href":"https:\/\/qiraatafrican.com\/fr\/wp-json\/wp\/v2\/comments?post=1349"}],"version-history":[{"count":0,"href":"https:\/\/qiraatafrican.com\/fr\/wp-json\/wp\/v2\/posts\/1349\/revisions"}],"wp:attachment":[{"href":"https:\/\/qiraatafrican.com\/fr\/wp-json\/wp\/v2\/media?parent=1349"}],"wp:term":[{"taxonomy":"category","embeddable":true,"href":"https:\/\/qiraatafrican.com\/fr\/wp-json\/wp\/v2\/categories?post=1349"},{"taxonomy":"post_tag","embeddable":true,"href":"https:\/\/qiraatafrican.com\/fr\/wp-json\/wp\/v2\/tags?post=1349"}],"curies":[{"name":"wp","href":"https:\/\/api.w.org\/{rel}","templated":true}]}}