{"id":1336,"date":"2022-04-08T09:18:01","date_gmt":"2022-04-08T09:18:01","guid":{"rendered":"https:\/\/qiraatafrican.com\/fr\/?p=1336"},"modified":"2022-04-08T09:18:01","modified_gmt":"2022-04-08T09:18:01","slug":"les-avocats-de-sankara-demandent-lextradition-de-lancien-president","status":"publish","type":"post","link":"https:\/\/qiraatafrican.com\/fr\/1336\/les-avocats-de-sankara-demandent-lextradition-de-lancien-president\/","title":{"rendered":"Les Avocats de Sankara Demandent L&rsquo;extradition de L&rsquo;ancien Pr\u00e9sident"},"content":{"rendered":"<p>Les avocats repr\u00e9sentant la famille de l&rsquo;ancien dirigeant burkinab\u00e9 Thomas Sankara, assassin\u00e9 en 1987, demandent l&rsquo;extradition de l&rsquo;ancien pr\u00e9sident Blaise Compaor\u00e9 pour qu&rsquo;il purge sa peine \u00e0 perp\u00e9tuit\u00e9.<\/p>\n<p>Compaor\u00e9 a \u00e9t\u00e9 condamn\u00e9 par contumace mercredi par un tribunal militaire de Ouagadougou.<\/p>\n<p>\u00ab Si ce n&rsquo;est pas une parodie de justice que nous voulons, alors l&rsquo;\u00c9tat doit faire tout son possible, dans le respect des droits des condamn\u00e9s. Nous insistons l\u00e0-dessus, pour que cette d\u00e9cision soit ex\u00e9cut\u00e9e, s&rsquo;ils doivent ensuite avoir droit \u00e0 une gr\u00e2ce. , \u00e0 une amnistie, que ce soit fait dans les r\u00e8gles, c&rsquo;est tout&#8230;\u00a0\u00bb, a exig\u00e9 l&rsquo;avocat Prosper Farama.<\/p>\n<p>Un autre avocat, B\u00e9n\u00e9wende Stanislas Sankara, a ajout\u00e9 \u00ab nous avons la possibilit\u00e9 de faire revenir la justice de ce c\u00f4t\u00e9-l\u00e0, donc pour nous ce sera l&rsquo;affaire du collectif d&rsquo;avocats, de concert avec les familles, si nous devons prendre cela en main \u00bb. , on ira jusqu&rsquo;au bout\u00a0\u00bb.<\/p>\n<p>Blaise Compaor\u00e9 est actuellement exil\u00e9 en C\u00f4te d&rsquo;Ivoire.<\/p>\n<p>En 2016, l&rsquo;ancien dirigeant a acquis la nationalit\u00e9 ivoirienne.<\/p>\n","protected":false},"excerpt":{"rendered":"<p>Les avocats repr\u00e9sentant la famille de l&rsquo;ancien dirigeant burkinab\u00e9 Thomas Sankara, assassin\u00e9 en 1987, demandent l&rsquo;extradition de l&rsquo;ancien pr\u00e9sident Blaise Compaor\u00e9 pour qu&rsquo;il purge sa peine \u00e0 perp\u00e9tuit\u00e9. Compaor\u00e9 a \u00e9t\u00e9 condamn\u00e9 par contumace mercredi par un tribunal militaire de Ouagadougou. \u00ab Si ce n&rsquo;est pas une parodie de justice que nous voulons, alors l&rsquo;\u00c9tat [&hellip;]<\/p>\n","protected":false},"author":1,"featured_media":0,"comment_status":"open","ping_status":"open","sticky":false,"template":"","format":"standard","meta":{"iawp_total_views":1,"jnews-multi-image_gallery":[],"jnews_single_post":{"source_name":"Africanews","source_url":"","via_name":"","via_url":"","override_template":"0","override":[{"template":"1","single_blog_custom":"","parallax":"1","fullscreen":"1","layout":"right-sidebar","sidebar":"default-sidebar","second_sidebar":"default-sidebar","sticky_sidebar":"1","share_position":"top","share_float_style":"share-monocrhome","show_share_counter":"1","show_view_counter":"1","show_featured":"1","show_post_meta":"1","show_post_author":"1","show_post_author_image":"1","show_post_date":"1","post_date_format":"default","post_date_format_custom":"Y\/m\/d","show_post_category":"1","show_post_reading_time":"0","post_reading_time_wpm":"300","show_zoom_button":"0","zoom_button_out_step":"2","zoom_button_in_step":"3","show_post_tag":"1","show_prev_next_post":"1","show_popup_post":"1","number_popup_post":"1","show_author_box":"0","show_post_related":"0","show_inline_post_related":"0"}],"override_image_size":"0","image_override":[{"single_post_thumbnail_size":"crop-500","single_post_gallery_size":"crop-500"}],"trending_post":"0","trending_post_position":"meta","trending_post_label":"Trending","sponsored_post":"0","sponsored_post_label":"Sponsored by","sponsored_post_name":"","sponsored_post_url":"","sponsored_post_logo_enable":"0","sponsored_post_logo":"","sponsored_post_desc":"","disable_ad":"0"},"jnews_primary_category":{"id":"5"},"jnews_social_meta":{"fb_title":"","fb_description":"","fb_image":"","twitter_title":"","twitter_description":"","twitter_image":""},"jnews_override_counter":{"override_view_counter":"0","view_counter_number":"0","override_share_counter":"0","share_counter_number":"0","override_like_counter":"0","like_counter_number":"0","override_dislike_counter":"0","dislike_counter_number":"0"},"footnotes":""},"categories":[5,44],"tags":[519,115,518],"class_list":["post-1336","post","type-post","status-publish","format-standard","hentry","category-politique-africaine","category-afrique-de-louest","tag-blaise-compaore","tag-burkina-faso","tag-thomas-sankara"],"_links":{"self":[{"href":"https:\/\/qiraatafrican.com\/fr\/wp-json\/wp\/v2\/posts\/1336","targetHints":{"allow":["GET"]}}],"collection":[{"href":"https:\/\/qiraatafrican.com\/fr\/wp-json\/wp\/v2\/posts"}],"about":[{"href":"https:\/\/qiraatafrican.com\/fr\/wp-json\/wp\/v2\/types\/post"}],"author":[{"embeddable":true,"href":"https:\/\/qiraatafrican.com\/fr\/wp-json\/wp\/v2\/users\/1"}],"replies":[{"embeddable":true,"href":"https:\/\/qiraatafrican.com\/fr\/wp-json\/wp\/v2\/comments?post=1336"}],"version-history":[{"count":0,"href":"https:\/\/qiraatafrican.com\/fr\/wp-json\/wp\/v2\/posts\/1336\/revisions"}],"wp:attachment":[{"href":"https:\/\/qiraatafrican.com\/fr\/wp-json\/wp\/v2\/media?parent=1336"}],"wp:term":[{"taxonomy":"category","embeddable":true,"href":"https:\/\/qiraatafrican.com\/fr\/wp-json\/wp\/v2\/categories?post=1336"},{"taxonomy":"post_tag","embeddable":true,"href":"https:\/\/qiraatafrican.com\/fr\/wp-json\/wp\/v2\/tags?post=1336"}],"curies":[{"name":"wp","href":"https:\/\/api.w.org\/{rel}","templated":true}]}}