{"id":13315,"date":"2024-10-29T08:03:04","date_gmt":"2024-10-29T08:03:04","guid":{"rendered":"https:\/\/qiraatafrican.com\/fr\/?p=13315"},"modified":"2024-10-29T08:03:04","modified_gmt":"2024-10-29T08:03:04","slug":"un-haut-responsable-politique-du-malawi-accuse-davoir-complote-pour-tuer-le-president","status":"publish","type":"post","link":"https:\/\/qiraatafrican.com\/fr\/13315\/un-haut-responsable-politique-du-malawi-accuse-davoir-complote-pour-tuer-le-president\/","title":{"rendered":"Un haut responsable politique du Malawi accus\u00e9 d&rsquo;avoir complot\u00e9 pour tuer le pr\u00e9sident"},"content":{"rendered":"<p>&nbsp;<\/p>\n<p><strong>Un membre \u00e9minent de l&rsquo;opposition du Malawi a \u00e9t\u00e9 accus\u00e9 d&rsquo;avoir complot\u00e9 pour tuer le pr\u00e9sident du pays, Lazarus Chakwera.<\/strong><\/p>\n<p>Patricia Kaliati, secr\u00e9taire g\u00e9n\u00e9rale du parti UTM, a \u00e9t\u00e9 arr\u00eat\u00e9e la semaine derni\u00e8re, soup\u00e7onn\u00e9e de \u00ab complot avec d&rsquo;autres pour commettre une infraction grave \u00bb.<\/p>\n<p>Lundi, lors de sa comparution devant un tribunal de Lilongwe, la capitale du Malawi, la femme de 57 ans n&rsquo;a pas pris la parole. Mais son avocat a fait valoir que la politicienne maintenait son innocence, rapportent les m\u00e9dias locaux.<\/p>\n<p>Peu de d\u00e9tails sur le complot pr\u00e9sum\u00e9 ont \u00e9t\u00e9 partag\u00e9s et plusieurs personnalit\u00e9s de l&rsquo;opposition affirment que les accusations contre Kaliati sont motiv\u00e9es par des raisons politiques.<\/p>\n<p>Les partisans de l&rsquo;UTM se sont rassembl\u00e9s devant le tribunal et ont chant\u00e9 des chansons antigouvernementales avant l&rsquo;audience, selon l&rsquo;agence de presse AFP.<\/p>\n<p>A l&rsquo;int\u00e9rieur du tribunal, le tribunal a entendu que Kaliati avait deux co-conspirateurs &#8211; qui seraient en fuite.<\/p>\n<p>Le magistrat a finalement d\u00e9cid\u00e9 que Kaliati pouvait \u00eatre lib\u00e9r\u00e9e sous caution pendant que les enqu\u00eates se poursuivent.<\/p>\n<p>Le procureur de l&rsquo;\u00c9tat avait demand\u00e9 qu&rsquo;elle soit d\u00e9tenue une semaine suppl\u00e9mentaire.<\/p>\n<p>La police du Malawi a d\u00e9clar\u00e9 qu&rsquo;elle agissait dans le respect de la loi et que les droits de Kaliati seraient respect\u00e9s.<\/p>\n<p>Son parti, l&rsquo;UTM, faisait partie du gouvernement du comt\u00e9 jusqu&rsquo;en juin, date \u00e0 laquelle il s&rsquo;est retir\u00e9 apr\u00e8s la mort de son chef, Saulos Chilima, qui \u00e9tait vice-pr\u00e9sident.<\/p>\n<p>Il est d\u00e9c\u00e9d\u00e9 \u00e0 l&rsquo;\u00e2ge de 51 ans apr\u00e8s qu&rsquo;un avion militaire dans lequel il volait s&rsquo;est \u00e9cras\u00e9 dans une for\u00eat du nord du Malawi.<\/p>\n<p>Kaliati s&rsquo;est depuis pr\u00e9sent\u00e9e comme candidate pour remplacer Chilima \u00e0 la t\u00eate du parti, en vue de d\u00e9fier Chakwera lors de l&rsquo;\u00e9lection pr\u00e9sidentielle de l&rsquo;ann\u00e9e prochaine.<\/p>\n<p>Institutrice d&rsquo;\u00e9cole primaire avant d&rsquo;entrer en politique, Kaliati est bien connue pour son franc-parler.<\/p>\n","protected":false},"excerpt":{"rendered":"<p>Un membre \u00e9minent de l&rsquo;opposition du Malawi a \u00e9t\u00e9 accus\u00e9 d&rsquo;avoir complot\u00e9 pour tuer le pr\u00e9sident du pays, Lazarus Chakwera.<\/p>\n","protected":false},"author":1,"featured_media":13316,"comment_status":"closed","ping_status":"closed","sticky":false,"template":"","format":"standard","meta":{"iawp_total_views":10,"jnews-multi-image_gallery":[],"jnews_single_post":{"subtitle":"Par Peter Jegwa | BBC News, Lilongwe","format":"standard","override":[{"template":"1","parallax":"1","fullscreen":"1","layout":"right-sidebar","sidebar":"default-sidebar","second_sidebar":"default-sidebar","sticky_sidebar":"1","share_position":"topbottom","share_float_style":"share-monocrhome","show_share_counter":"1","show_featured":"1","show_post_meta":"1","show_post_author_image":"1","show_post_date":"1","post_date_format":"default","post_date_format_custom":"Y\/m\/d","show_post_category":"1","show_post_reading_time":"0","post_reading_time_wpm":"300","post_calculate_word_method":"str_word_count","show_zoom_button":"0","zoom_button_out_step":"2","zoom_button_in_step":"3","show_post_tag":"1","number_popup_post":"1","show_post_related":"1","show_inline_post_related":"1"}],"image_override":[{"single_post_thumbnail_size":"crop-500","single_post_gallery_size":"crop-500"}],"trending_post_position":"meta","trending_post_label":"Trending","sponsored_post_label":"Sponsored by","disable_ad":"0"},"jnews_primary_category":[],"jnews_social_meta":[],"jnews_override_counter":{"view_counter_number":"0","share_counter_number":"0","like_counter_number":"0","dislike_counter_number":"0"},"footnotes":""},"categories":[2,5],"tags":[1103,2423,2424],"class_list":["post-13315","post","type-post","status-publish","format-standard","has-post-thumbnail","hentry","category-actualites-africaines","category-politique-africaine","tag-chef-de-lopposition","tag-patricia-kaliati","tag-politique-du-malawi"],"_links":{"self":[{"href":"https:\/\/qiraatafrican.com\/fr\/wp-json\/wp\/v2\/posts\/13315","targetHints":{"allow":["GET"]}}],"collection":[{"href":"https:\/\/qiraatafrican.com\/fr\/wp-json\/wp\/v2\/posts"}],"about":[{"href":"https:\/\/qiraatafrican.com\/fr\/wp-json\/wp\/v2\/types\/post"}],"author":[{"embeddable":true,"href":"https:\/\/qiraatafrican.com\/fr\/wp-json\/wp\/v2\/users\/1"}],"replies":[{"embeddable":true,"href":"https:\/\/qiraatafrican.com\/fr\/wp-json\/wp\/v2\/comments?post=13315"}],"version-history":[{"count":0,"href":"https:\/\/qiraatafrican.com\/fr\/wp-json\/wp\/v2\/posts\/13315\/revisions"}],"wp:featuredmedia":[{"embeddable":true,"href":"https:\/\/qiraatafrican.com\/fr\/wp-json\/wp\/v2\/media\/13316"}],"wp:attachment":[{"href":"https:\/\/qiraatafrican.com\/fr\/wp-json\/wp\/v2\/media?parent=13315"}],"wp:term":[{"taxonomy":"category","embeddable":true,"href":"https:\/\/qiraatafrican.com\/fr\/wp-json\/wp\/v2\/categories?post=13315"},{"taxonomy":"post_tag","embeddable":true,"href":"https:\/\/qiraatafrican.com\/fr\/wp-json\/wp\/v2\/tags?post=13315"}],"curies":[{"name":"wp","href":"https:\/\/api.w.org\/{rel}","templated":true}]}}