{"id":1312,"date":"2022-04-05T10:55:21","date_gmt":"2022-04-05T10:55:21","guid":{"rendered":"https:\/\/qiraatafrican.com\/fr\/?p=1312"},"modified":"2022-04-05T10:55:21","modified_gmt":"2022-04-05T10:55:21","slug":"la-mission-multidimensionnelle-integree-des-nations-unies-pour-la-stabilisation-au-mali-minusma-peut-elle-le-faire","status":"publish","type":"post","link":"https:\/\/qiraatafrican.com\/fr\/1312\/la-mission-multidimensionnelle-integree-des-nations-unies-pour-la-stabilisation-au-mali-minusma-peut-elle-le-faire\/","title":{"rendered":"La Mission Multidimensionnelle Int\u00e9gr\u00e9e Des Nations Unies Pour La Stabilisation Au Mali (MINUSMA) Peut-Elle Le Faire?"},"content":{"rendered":"<div class=\"intro-text\">\n<p><strong>Les \u00c9tats-Unis et la France ont appel\u00e9 les autorit\u00e9s de transition au Mali \u00e0 autoriser une enqu\u00eate internationale apr\u00e8s une op\u00e9ration militaire qui a tu\u00e9 de nombreux civils.<\/strong><\/p>\n<\/div>\n<p>\u00ab\u00a0Nous appelons le gouvernement de transition du Mali \u00e0 accorder l&rsquo;acc\u00e8s \u00e0 la Mission multidimensionnelle int\u00e9gr\u00e9e des Nations Unies pour la stabilisation au Mali (MINUSMA) pour mener une enqu\u00eate rigoureuse comme mandat\u00e9 par le Conseil de s\u00e9curit\u00e9 des Nations Unies\u00a0\u00bb, a d\u00e9clar\u00e9 dimanche le porte-parole du d\u00e9partement d&rsquo;\u00c9tat.<\/p>\n<p>Cette mesure intervient apr\u00e8s des informations selon lesquelles des civils auraient \u00e9t\u00e9 tu\u00e9s sans discernement lors d&rsquo;une op\u00e9ration militaire lanc\u00e9e par l&rsquo;arm\u00e9e malienne entre le 23 et le 31 mars. Samedi, l&rsquo;arm\u00e9e malienne a d\u00e9clar\u00e9 avoir tu\u00e9 plus de 200 militants islamistes.<\/p>\n<p>A Bruxelles, le haut repr\u00e9sentant de l&rsquo;UE, Josep Borrell, s&rsquo;est dit \u00ab\u00a0extr\u00eamement pr\u00e9occup\u00e9\u00a0\u00bb par les informations faisant \u00e9tat de \u00ab\u00a0centaines de personnes tu\u00e9es dans le village de Mora\u00a0\u00bb. Il a ajout\u00e9 : \u00ab Il est n\u00e9cessaire de permettre \u00e0 la Mission des Nations unies (MINUSMA) d&rsquo;acc\u00e9der aux lieux afin d&rsquo;appuyer les autorit\u00e9s de transition dans leurs enqu\u00eates.<\/p>\n<p>La Mission multidimensionnelle int\u00e9gr\u00e9e des Nations unies pour la stabilisation au Mali a indiqu\u00e9 \u00eatre en contact avec les autorit\u00e9s maliennes \u00ab\u00a0pour d\u00e9terminer les faits et les circonstances et prendre les mesures n\u00e9cessaires pour r\u00e9pondre aux besoins urgents, notamment en mati\u00e8re de s\u00e9curit\u00e9, des communaut\u00e9s affect\u00e9es\u00a0\u00bb.<\/p>\n<p>Dans un communiqu\u00e9, l&rsquo;arm\u00e9e a appel\u00e9 \u00e0 \u00ab\u00a0la retenue face aux sp\u00e9culations diffamatoires\u00a0\u00bb.<\/p>\n","protected":false},"excerpt":{"rendered":"<p>Les \u00c9tats-Unis et la France ont appel\u00e9 les autorit\u00e9s de transition au Mali \u00e0 autoriser une enqu\u00eate internationale apr\u00e8s une op\u00e9ration militaire qui a tu\u00e9 de nombreux civils. \u00ab\u00a0Nous appelons le gouvernement de transition du Mali \u00e0 accorder l&rsquo;acc\u00e8s \u00e0 la Mission multidimensionnelle int\u00e9gr\u00e9e des Nations Unies pour la stabilisation au Mali (MINUSMA) pour mener [&hellip;]<\/p>\n","protected":false},"author":1,"featured_media":0,"comment_status":"open","ping_status":"open","sticky":false,"template":"","format":"standard","meta":{"iawp_total_views":4,"jnews-multi-image_gallery":[],"jnews_single_post":{"source_name":"Africanews","source_url":"","via_name":"","via_url":"","override_template":"0","override":[{"template":"1","single_blog_custom":"","parallax":"1","fullscreen":"1","layout":"right-sidebar","sidebar":"default-sidebar","second_sidebar":"default-sidebar","sticky_sidebar":"1","share_position":"top","share_float_style":"share-monocrhome","show_share_counter":"1","show_view_counter":"1","show_featured":"1","show_post_meta":"1","show_post_author":"1","show_post_author_image":"1","show_post_date":"1","post_date_format":"default","post_date_format_custom":"Y\/m\/d","show_post_category":"1","show_post_reading_time":"0","post_reading_time_wpm":"300","show_zoom_button":"0","zoom_button_out_step":"2","zoom_button_in_step":"3","show_post_tag":"1","show_prev_next_post":"1","show_popup_post":"1","number_popup_post":"1","show_author_box":"0","show_post_related":"0","show_inline_post_related":"0"}],"override_image_size":"0","image_override":[{"single_post_thumbnail_size":"crop-500","single_post_gallery_size":"crop-500"}],"trending_post":"0","trending_post_position":"meta","trending_post_label":"Trending","sponsored_post":"0","sponsored_post_label":"Sponsored by","sponsored_post_name":"","sponsored_post_url":"","sponsored_post_logo_enable":"0","sponsored_post_logo":"","sponsored_post_desc":"","disable_ad":"0"},"jnews_primary_category":{"id":"5"},"jnews_social_meta":{"fb_title":"","fb_description":"","fb_image":"","twitter_title":"","twitter_description":"","twitter_image":""},"jnews_override_counter":{"override_view_counter":"0","view_counter_number":"0","override_share_counter":"0","share_counter_number":"0","override_like_counter":"0","like_counter_number":"0","override_dislike_counter":"0","dislike_counter_number":"0"},"footnotes":""},"categories":[5,44],"tags":[18,59,10,512,510,511],"class_list":["post-1312","post","type-post","status-publish","format-standard","hentry","category-politique-africaine","category-afrique-de-louest","tag-etats-unis","tag-france","tag-mali","tag-militants-islamistes","tag-minusma","tag-ouvernement-de-transition"],"_links":{"self":[{"href":"https:\/\/qiraatafrican.com\/fr\/wp-json\/wp\/v2\/posts\/1312","targetHints":{"allow":["GET"]}}],"collection":[{"href":"https:\/\/qiraatafrican.com\/fr\/wp-json\/wp\/v2\/posts"}],"about":[{"href":"https:\/\/qiraatafrican.com\/fr\/wp-json\/wp\/v2\/types\/post"}],"author":[{"embeddable":true,"href":"https:\/\/qiraatafrican.com\/fr\/wp-json\/wp\/v2\/users\/1"}],"replies":[{"embeddable":true,"href":"https:\/\/qiraatafrican.com\/fr\/wp-json\/wp\/v2\/comments?post=1312"}],"version-history":[{"count":0,"href":"https:\/\/qiraatafrican.com\/fr\/wp-json\/wp\/v2\/posts\/1312\/revisions"}],"wp:attachment":[{"href":"https:\/\/qiraatafrican.com\/fr\/wp-json\/wp\/v2\/media?parent=1312"}],"wp:term":[{"taxonomy":"category","embeddable":true,"href":"https:\/\/qiraatafrican.com\/fr\/wp-json\/wp\/v2\/categories?post=1312"},{"taxonomy":"post_tag","embeddable":true,"href":"https:\/\/qiraatafrican.com\/fr\/wp-json\/wp\/v2\/tags?post=1312"}],"curies":[{"name":"wp","href":"https:\/\/api.w.org\/{rel}","templated":true}]}}