{"id":1292,"date":"2022-04-04T11:02:11","date_gmt":"2022-04-04T11:02:11","guid":{"rendered":"https:\/\/qiraatafrican.com\/fr\/?p=1292"},"modified":"2022-04-04T11:02:11","modified_gmt":"2022-04-04T11:02:11","slug":"kiir-et-machar-concluent-une-etape-importante-vers-la-paix-au-soudan-du-sud","status":"publish","type":"post","link":"https:\/\/qiraatafrican.com\/fr\/1292\/kiir-et-machar-concluent-une-etape-importante-vers-la-paix-au-soudan-du-sud\/","title":{"rendered":"Kiir Et Machar Concluent Une \u00ab\u00a0\u00c9tape Importante\u00a0\u00bb Vers La Paix Au Soudan Du Sud"},"content":{"rendered":"<p>Apr\u00e8s la m\u00e9diation du Soudan voisin, les dirigeants des ennemis du Soudan du Sud ont promis des dispositions militaires dans le cadre du fragile accord de paix de 2018.<\/p>\n<p>En cons\u00e9quence, le pr\u00e9sident Salva Kiir et le vice-pr\u00e9sident Riek Machar se sont mis d&rsquo;accord pour former un commandement unifi\u00e9 des forces arm\u00e9es, l&rsquo;une des nombreuses questions en suspens entravant la mise en \u0153uvre de l&rsquo;accord de 2018 pour mettre fin \u00e0 cinq ann\u00e9es de guerre sanglante, selon un journaliste de l&rsquo;AFP.<\/p>\n<p>\u00ab\u00a0La paix est une question de s\u00e9curit\u00e9 et aujourd&rsquo;hui (nous avons) franchi une \u00e9tape importante\u00a0\u00bb, a d\u00e9clar\u00e9 Martin Abucha, qui a sign\u00e9 l&rsquo;accord au nom du parti d&rsquo;opposition de Machar, le Mouvement\/Arm\u00e9e populaire de lib\u00e9ration du Soudan, dans l&rsquo;opposition.<\/p>\n<p>Le ministre des Affaires pr\u00e9sidentielles Barnabas Marial Benjamin a salu\u00e9 l&rsquo;accord, le d\u00e9crivant comme \u00ab\u00a0une \u00e9tape n\u00e9cessaire (&#8230;) qui ouvre la voie \u00e0 un gouvernement stable en R\u00e9publique du Soudan du Sud\u00a0\u00bb.<\/p>\n<p>L&rsquo;accord pr\u00e9voit \u00e9galement une cessation des hostilit\u00e9s et une cessation de la \u00ab\u00a0propagande\u00a0\u00bb alimentant les tensions, les deux parties s&rsquo;engageant \u00e0 cesser d&rsquo;encourager les d\u00e9fections \u00e0 l&rsquo;autre, selon le porte-parole de M. Machar, Bok Puth Palwang.<\/p>\n<p>Le Soudan du Sud est impatient de voir si ces engagements seront mis en \u0153uvre sur le terrain, car de nombreux accords ont \u00e9chou\u00e9 dans le pass\u00e9, entra\u00eenant de nouveaux cycles de violence.<\/p>\n<p>Dimanche, les deux hommes forts du pays ont assist\u00e9 \u00e0 la c\u00e9r\u00e9monie de signature de l&rsquo;accord dans la capitale, Juba. Le texte pr\u00e9voit une r\u00e9partition &#8211; 60 % pour le camp pr\u00e9sidentiel et 40 % pour le camp Machar &#8211; des postes de direction dans l&rsquo;arm\u00e9e, la police et les forces de s\u00e9curit\u00e9 nationale.<\/p>\n<p>Les nominations sont dues dans une semaine, et les forces unifi\u00e9es devraient commencer leur travail dans les deux mois.<\/p>\n<p>Mohamed Hamdan Dagalo, actuellement le deuxi\u00e8me homme de l&rsquo;assembl\u00e9e soudanaise \u00e0 avoir pris le pouvoir apr\u00e8s le coup d&rsquo;\u00c9tat du 25 octobre \u00e0 Khartoum, est arriv\u00e9 vendredi \u00e0 Juba pour tenter de trouver des solutions dans le cadre des dispositions s\u00e9curitaires issues de l&rsquo;accord de paix.<\/p>\n<p>Cette m\u00e9diation a permis de d\u00e9gager un consensus, tandis que M. Kiir a publi\u00e9 le 25 mars un d\u00e9cret pr\u00e9sidentiel sur la formation de la structure dirigeante, rapidement rejet\u00e9 par M. Machar, d\u00e9non\u00e7ant l&rsquo;initiative \u00ab unilat\u00e9rale \u00bb.<\/p>\n<p>La derni\u00e8re escalade<br \/>\nLes tensions entre les forces fid\u00e8les \u00e0 Kiir et l&rsquo;ancien chef rebelle Riek Machar ont de nouveau augment\u00e9 r\u00e9cemment, suscitant des craintes internationales d&rsquo;une r\u00e9surgence d&rsquo;un conflit total dans le pays le plus r\u00e9cent du monde.<\/p>\n<p>Fin mars, le SPLM\/A s&rsquo;est retir\u00e9 de l&rsquo;organe charg\u00e9 de surveiller la mise en \u0153uvre de l&rsquo;accord de paix, accusant l&rsquo;arm\u00e9e et les forces loyales au chef de l&rsquo;Etat de lancer des attaques r\u00e9guli\u00e8res contre leurs bases. Le porte-parole de Machar a d\u00e9clar\u00e9 \u00e0 l&rsquo;AFP que le parti avait d\u00e9sormais accept\u00e9 de rejoindre le m\u00e9canisme.<\/p>\n<p>Depuis son ind\u00e9pendance du Soudan en 2011, le pays est en proie \u00e0 des violences politiques et ethniques et \u00e0 une instabilit\u00e9 chronique, l&#8217;emp\u00eachant de se remettre d&rsquo;une guerre civile sanglante qui a fait pr\u00e8s de 400 000 morts et quatre millions de d\u00e9plac\u00e9s entre 2013 et 2018.<\/p>\n<p>L&rsquo;accord de paix de 2018 stipule le principe du partage du pouvoir au sein d&rsquo;un gouvernement d&rsquo;union nationale, qui a \u00e9t\u00e9 form\u00e9 en f\u00e9vrier 2020 avec Kiir comme vice-pr\u00e9sident.<\/p>\n<p>Mais l&rsquo;ordre n&rsquo;a en grande partie pas \u00e9t\u00e9 ex\u00e9cut\u00e9 et la rivalit\u00e9 entre eux s&rsquo;est poursuivie, laissant le pays dans le d\u00e9sarroi.<\/p>\n<p>Selon un rapport des Nations unies publi\u00e9 d\u00e9but mars, au moins 440 civils ont \u00e9t\u00e9 tu\u00e9s entre juin et septembre 2021 dans la r\u00e9gion de Tambora (sud-ouest), lors de combats entre factions fid\u00e8les \u00e0 Machar et l&rsquo;arm\u00e9e fid\u00e8le \u00e0 Salva Kiir.<\/p>\n<p>En mars, le Conseil de s\u00e9curit\u00e9 des Nations unies a vot\u00e9 la prolongation d&rsquo;un an de sa mission de maintien de la paix au Soudan du Sud, qui comprend jusqu&rsquo;\u00e0 17 000 soldats et 2 100 policiers, avec un budget annuel de plus d&rsquo;un milliard de dollars.<\/p>\n<p>Ensuite, l&rsquo;envoy\u00e9 de l&rsquo;ONU au Soudan du Sud, Nicholas Haysom, a lanc\u00e9 un avertissement s\u00e9v\u00e8re aux dirigeants pour qu&rsquo;ils fassent plus avant les \u00e9lections pr\u00e9vues dans moins d&rsquo;un an.<\/p>\n<p>\u00ab\u00a0Les \u00e9lections peuvent \u00eatre un moment de construction de la nation ou un d\u00e9sastre\u00a0\u00bb, a-t-il d\u00e9clar\u00e9. \u00a9\u00a02022\u00a0AFP<\/p>\n<p>&nbsp;<\/p>\n","protected":false},"excerpt":{"rendered":"<p>Apr\u00e8s la m\u00e9diation du Soudan voisin, les dirigeants des ennemis du Soudan du Sud ont promis des dispositions militaires dans le cadre du fragile accord de paix de 2018. En cons\u00e9quence, le pr\u00e9sident Salva Kiir et le vice-pr\u00e9sident Riek Machar se sont mis d&rsquo;accord pour former un commandement unifi\u00e9 des forces arm\u00e9es, l&rsquo;une des nombreuses [&hellip;]<\/p>\n","protected":false},"author":1,"featured_media":0,"comment_status":"open","ping_status":"open","sticky":false,"template":"","format":"standard","meta":{"iawp_total_views":1,"jnews-multi-image_gallery":[],"jnews_single_post":{"source_name":"Le Point","source_url":"https:\/\/www.lepoint.fr\/monde\/soudan-du-sud-kiir-et-machar-scellent-une-etape-importante-vers-la-paix-03-04-2022-2470753_24.php#xtor=RSS-286","via_name":"","via_url":"","override_template":"0","override":[{"template":"1","single_blog_custom":"","parallax":"1","fullscreen":"1","layout":"right-sidebar","sidebar":"default-sidebar","second_sidebar":"default-sidebar","sticky_sidebar":"1","share_position":"top","share_float_style":"share-monocrhome","show_share_counter":"1","show_view_counter":"1","show_featured":"1","show_post_meta":"1","show_post_author":"1","show_post_author_image":"1","show_post_date":"1","post_date_format":"default","post_date_format_custom":"Y\/m\/d","show_post_category":"1","show_post_reading_time":"0","post_reading_time_wpm":"300","show_zoom_button":"0","zoom_button_out_step":"2","zoom_button_in_step":"3","show_post_tag":"1","show_prev_next_post":"1","show_popup_post":"1","number_popup_post":"1","show_author_box":"0","show_post_related":"0","show_inline_post_related":"0"}],"override_image_size":"0","image_override":[{"single_post_thumbnail_size":"crop-500","single_post_gallery_size":"crop-500"}],"trending_post":"0","trending_post_position":"meta","trending_post_label":"Trending","sponsored_post":"0","sponsored_post_label":"Sponsored by","sponsored_post_name":"","sponsored_post_url":"","sponsored_post_logo_enable":"0","sponsored_post_logo":"","sponsored_post_desc":"","disable_ad":"0"},"jnews_primary_category":{"id":"5"},"jnews_social_meta":{"fb_title":"","fb_description":"","fb_image":"","twitter_title":"","twitter_description":"","twitter_image":""},"jnews_override_counter":{"override_view_counter":"0","view_counter_number":"0","override_share_counter":"0","share_counter_number":"0","override_like_counter":"0","like_counter_number":"0","override_dislike_counter":"0","dislike_counter_number":"0"},"footnotes":""},"categories":[5,42],"tags":[314,497,15,180],"class_list":["post-1292","post","type-post","status-publish","format-standard","hentry","category-politique-africaine","category-afrique-de-lest","tag-accord-de-paix","tag-dispositions-militaires","tag-soudan","tag-soudan-du-sud"],"_links":{"self":[{"href":"https:\/\/qiraatafrican.com\/fr\/wp-json\/wp\/v2\/posts\/1292","targetHints":{"allow":["GET"]}}],"collection":[{"href":"https:\/\/qiraatafrican.com\/fr\/wp-json\/wp\/v2\/posts"}],"about":[{"href":"https:\/\/qiraatafrican.com\/fr\/wp-json\/wp\/v2\/types\/post"}],"author":[{"embeddable":true,"href":"https:\/\/qiraatafrican.com\/fr\/wp-json\/wp\/v2\/users\/1"}],"replies":[{"embeddable":true,"href":"https:\/\/qiraatafrican.com\/fr\/wp-json\/wp\/v2\/comments?post=1292"}],"version-history":[{"count":0,"href":"https:\/\/qiraatafrican.com\/fr\/wp-json\/wp\/v2\/posts\/1292\/revisions"}],"wp:attachment":[{"href":"https:\/\/qiraatafrican.com\/fr\/wp-json\/wp\/v2\/media?parent=1292"}],"wp:term":[{"taxonomy":"category","embeddable":true,"href":"https:\/\/qiraatafrican.com\/fr\/wp-json\/wp\/v2\/categories?post=1292"},{"taxonomy":"post_tag","embeddable":true,"href":"https:\/\/qiraatafrican.com\/fr\/wp-json\/wp\/v2\/tags?post=1292"}],"curies":[{"name":"wp","href":"https:\/\/api.w.org\/{rel}","templated":true}]}}