{"id":1286,"date":"2022-04-03T11:15:09","date_gmt":"2022-04-03T11:15:09","guid":{"rendered":"https:\/\/qiraatafrican.com\/fr\/?p=1286"},"modified":"2022-04-03T11:23:50","modified_gmt":"2022-04-03T11:23:50","slug":"le-president-ougandais-museveni-recoit-les-lettres-de-creance-de-8-nouveaux-envoyes","status":"publish","type":"post","link":"https:\/\/qiraatafrican.com\/fr\/1286\/le-president-ougandais-museveni-recoit-les-lettres-de-creance-de-8-nouveaux-envoyes\/","title":{"rendered":"Le Pr\u00e9sident Ougandais Museveni Re\u00e7oit Les Lettres De Cr\u00e9ance de 8 Nouveaux Envoy\u00e9s"},"content":{"rendered":"<div class=\"intro-text\">\n<p>Le pr\u00e9sident Yoweri Museveni a re\u00e7u aujourd&rsquo;hui les lettres de cr\u00e9ance de 8 nouveaux envoy\u00e9s, notamment de la R\u00e9publique de Cuba, de la R\u00e9publique alg\u00e9rienne d\u00e9mocratique et populaire, de la R\u00e9publique de Cor\u00e9e du Sud, de l&rsquo;\u00c9tat de Libye, de la R\u00e9publique de Colombie, de la R\u00e9publique de Sierra Leone, de l&rsquo;\u00c9tat de Isra\u00ebl et le Royaume de Tha\u00eflande.<\/p>\n<\/div>\n<p>Lors de sa rencontre avec la nouvelle envoy\u00e9e cubaine en Ouganda, Mme Tania P\u00e9rez Xiqu\u00e9s, le pr\u00e9sident a d\u00e9clar\u00e9 qu&rsquo;il souhaitait renforcer les relations bilat\u00e9rales entre leurs deux pays. S.E Amb. Xiqu\u00e9s a transmis les salutations du pr\u00e9sident Miguel D\u00edaz-Canel de Cuba au pr\u00e9sident Museveni et l&rsquo;a \u00e9galement inform\u00e9 de la situation \u00e0 Cuba. Elle a d\u00e9clar\u00e9 que son pays se remettait bien de la pand\u00e9mie de COVID-19.<\/p>\n<p>Le pr\u00e9sident Museveni a \u00e9galement accueilli le nouvel ambassadeur d&rsquo;Alg\u00e9rie en Ouganda, S.E Cherif Oualid, avec qui ils ont discut\u00e9 de diverses questions, notamment la situation au Sahara occidental, la s\u00e9curit\u00e9 r\u00e9gionale et la transformation \u00e9conomique.<\/p>\n<p>Amb. Cherif Oualid a transmis les salutations du pr\u00e9sident Abdelmadjid Tebboune de la R\u00e9publique d\u00e9mocratique d&rsquo;Alg\u00e9rie et a \u00e9galement adress\u00e9 un message de condol\u00e9ances au pr\u00e9sident et au peuple ougandais \u00e0 l&rsquo;occasion du d\u00e9c\u00e8s du pr\u00e9sident du Parlement Rt. Hon. Jacob Oulanyah.<\/p>\n<p>\u00ab\u00a0La situation s\u00e9curitaire en Alg\u00e9rie est bien meilleure maintenant, notre prochaine bataille est la reprise \u00e9conomique\u00a0\u00bb, a-t-il d\u00e9clar\u00e9.<\/p>\n<p>Lors de sa rencontre avec le nouvel ambassadeur sud-cor\u00e9en en Ouganda, S.E Park Sung-Soo, le pr\u00e9sident Museveni a appel\u00e9 \u00e0 l&rsquo;unit\u00e9 entre la Cor\u00e9e du Sud et la Cor\u00e9e du Nord, affirmant qu&rsquo;une Cor\u00e9e unie peut \u00eatre un centre de pouvoir tr\u00e8s puissant. Il a souhait\u00e9 la bienvenue \u00e0 l&rsquo;ambassadeur en Ouganda.<\/p>\n<p>Amb. Park Sung-Soo a transmis les chaleureuses salutations du pr\u00e9sident de la R\u00e9publique de Cor\u00e9e du Sud Moon Jae-in au pr\u00e9sident Museveni et au peuple ougandais. Il a \u00e9galement inform\u00e9 le pr\u00e9sident de la situation en Cor\u00e9e du Sud.<\/p>\n<p>Le pr\u00e9sident Museveni a ensuite rencontr\u00e9 le nouvel ambassadeur de l&rsquo;\u00c9tat de Libye en Ouganda, S.E Ibrahim Ahmed Sultan, avec qui ils ont discut\u00e9 de la situation en Libye.<\/p>\n<p>Le pr\u00e9sident Museveni a d\u00e9clar\u00e9 que les \u00e9lections sont un bon rem\u00e8de pour la politique si elles sont libres et que tout le monde y participe.<\/p>\n<p>\u00ab\u00a0Cela discipline les dirigeants. Les dirigeants apprennent \u00e0 \u00eatre prudents avec les gens. S&rsquo;ils ne sont pas prudents, ils ne peuvent pas vous \u00e9lire\u00a0\u00bb, a-t-il d\u00e9clar\u00e9. Il a appel\u00e9 les dirigeants \u00e0 veiller \u00e0 ce que toutes les parties participent sans aucune exclusion.<\/p>\n<p>Amb. Ibrahim Ahmed Sultan a transmis les salutations du pr\u00e9sident du Conseil pr\u00e9sidentiel de l&rsquo;\u00c9tat de Libye, S.E. Mohamed al-Menfi, au pr\u00e9sident Museveni et l&rsquo;a remerci\u00e9 d&rsquo;\u00eatre un grand ami du peuple libyen.<\/p>\n<p>\u00ab\u00a0La Libye a beaucoup souffert pendant de nombreuses ann\u00e9es. Nous avons fait la connaissance de nos vrais amis comme l&rsquo;Ouganda qui nous ont ouvert leurs portes et nous ont accueillis\u00a0\u00bb, a-t-il d\u00e9clar\u00e9.<\/p>\n<p>Lors d&rsquo;une r\u00e9union avec la nouvelle ambassadrice de Colombie en Ouganda, S.E. Monica De Greiff Lindo, le pr\u00e9sident Museveni l&rsquo;a accueillie en Ouganda et l&rsquo;a encourag\u00e9e \u00e0 exploiter les riches ressources naturelles avec lesquelles les deux pays sont en concurrence pour promouvoir leurs relations mutuelles.<\/p>\n<p>Amb. De Greiff a transmis les salutations du pr\u00e9sident de la R\u00e9publique de Colombie S.E Iv\u00e1n Duque M\u00e1rquez au pr\u00e9sident Museveni et a d\u00e9clar\u00e9 qu&rsquo;elle avait h\u00e2te de travailler en Ouganda.<\/p>\n<p>Le pr\u00e9sident Museveni a \u00e9galement rencontr\u00e9 le nouveau haut-commissaire de la Sierra Leone en Ouganda, S.E Isatu A. Bundu, fille de l&rsquo;actuel pr\u00e9sident du Parlement de la Sierra Leone et ancien observateur du Commonwealth lors des \u00e9lections de 1980 en Ouganda.<\/p>\n<p>Mme Bundu a transmis les salutations du pr\u00e9sident de la R\u00e9publique de Sierra Leone Julius Maada Wonie Bio.<\/p>\n<p>Plus tard, le pr\u00e9sident a rencontr\u00e9 le nouvel envoy\u00e9 d&rsquo;Isra\u00ebl en Ouganda, S.E Micheal Lotem, qui l&rsquo;a inform\u00e9 de la situation en Isra\u00ebl. Il a \u00e9galement transmis les salutations du Premier ministre de l&rsquo;\u00c9tat d&rsquo;Isra\u00ebl Naftali Bennett au pr\u00e9sident Museveni.<\/p>\n<p>Le pr\u00e9sident a appel\u00e9 \u00e0 la mise en \u0153uvre d&rsquo;une solution \u00e0 deux \u00c9tats et a \u00e9galement appel\u00e9 l&rsquo;Union africaine \u00e0 laisser Isra\u00ebl \u00eatre un observateur \u00e0 l&rsquo;UA. Il a \u00e9galement appel\u00e9 Isra\u00ebl \u00e0 \u00e9tablir une ambassade \u00e0 Kampala.<\/p>\n<p>Le pr\u00e9sident a rencontr\u00e9 le nouvel ambassadeur de Tha\u00eflande en Ouganda, Sasirit Tangulrat, qui a transmis les salutations du Premier ministre du Royaume de Tha\u00eflande, le g\u00e9n\u00e9ral Prayuth Chan-o-cha (retrait\u00e9), au pr\u00e9sident Museveni.<\/p>\n<p>Elle a f\u00e9licit\u00e9 le pr\u00e9sident Museveni pour sa r\u00e9cente victoire \u00e9lectorale et a salu\u00e9 les efforts de l&rsquo;Ouganda dans la lutte contre la pand\u00e9mie de COVID 19.<\/p>\n<p>Elle a d\u00e9clar\u00e9 que bien que l&rsquo;\u00e9conomie de son pays soit affect\u00e9e par la pand\u00e9mie de COVID 19, elle se redresse progressivement avec le soutien du secteur des exportations. Elle a d\u00e9clar\u00e9 que son pays \u00e9tait d\u00e9sormais ouvert aux affaires sans aucune restriction COVID19.<\/p>\n<p>La r\u00e9union a \u00e9t\u00e9 suivie entre autres par l&rsquo;hon. John Mulimba Ministre d&rsquo;Etat aux Affaires Etrang\u00e8res charg\u00e9 de la Coop\u00e9ration R\u00e9gionale, Vincent Waiswa Bagiire le Secr\u00e9taire Permanent du Minist\u00e8re des Affaires Etrang\u00e8res, l&rsquo;Ambassadeur Julius Kivuna Chef du D\u00e9partement R\u00e9gional de la Paix et de la S\u00e9curit\u00e9, Minist\u00e8re des Affaires Etrang\u00e8res, Mme Joyce Onek Chef du D\u00e9partement des Relations Internationales D\u00e9partement de la coop\u00e9ration \u00e9conomique.<\/p>\n","protected":false},"excerpt":{"rendered":"<p>Le pr\u00e9sident Yoweri Museveni a re\u00e7u aujourd&rsquo;hui les lettres de cr\u00e9ance de 8 nouveaux envoy\u00e9s, notamment de la R\u00e9publique de Cuba, de la R\u00e9publique alg\u00e9rienne d\u00e9mocratique et populaire, de la R\u00e9publique de Cor\u00e9e du Sud, de l&rsquo;\u00c9tat de Libye, de la R\u00e9publique de Colombie, de la R\u00e9publique de Sierra Leone, de l&rsquo;\u00c9tat de Isra\u00ebl et [&hellip;]<\/p>\n","protected":false},"author":1,"featured_media":0,"comment_status":"open","ping_status":"open","sticky":false,"template":"","format":"standard","meta":{"iawp_total_views":8,"jnews-multi-image_gallery":[],"jnews_single_post":{"source_name":"AllAfrica","source_url":"https:\/\/allafrica.com\/stories\/202204020209.html","via_name":"","via_url":"","override_template":"0","override":[{"template":"1","single_blog_custom":"","parallax":"1","fullscreen":"1","layout":"right-sidebar","sidebar":"default-sidebar","second_sidebar":"default-sidebar","sticky_sidebar":"1","share_position":"top","share_float_style":"share-monocrhome","show_share_counter":"1","show_view_counter":"1","show_featured":"1","show_post_meta":"1","show_post_author":"1","show_post_author_image":"1","show_post_date":"1","post_date_format":"default","post_date_format_custom":"Y\/m\/d","show_post_category":"1","show_post_reading_time":"0","post_reading_time_wpm":"300","show_zoom_button":"0","zoom_button_out_step":"2","zoom_button_in_step":"3","show_post_tag":"1","show_prev_next_post":"1","show_popup_post":"1","number_popup_post":"1","show_author_box":"0","show_post_related":"0","show_inline_post_related":"0"}],"override_image_size":"0","image_override":[{"single_post_thumbnail_size":"crop-500","single_post_gallery_size":"crop-500"}],"trending_post":"0","trending_post_position":"meta","trending_post_label":"Trending","sponsored_post":"0","sponsored_post_label":"Sponsored by","sponsored_post_name":"","sponsored_post_url":"","sponsored_post_logo_enable":"0","sponsored_post_logo":"","sponsored_post_desc":"","disable_ad":"0"},"jnews_primary_category":{"id":"5"},"jnews_social_meta":{"fb_title":"","fb_description":"","fb_image":"","twitter_title":"","twitter_description":"","twitter_image":""},"jnews_override_counter":{"override_view_counter":"0","view_counter_number":"0","override_share_counter":"0","share_counter_number":"0","override_like_counter":"0","like_counter_number":"0","override_dislike_counter":"0","dislike_counter_number":"0"},"footnotes":""},"categories":[5,42],"tags":[496,153,321],"class_list":["post-1286","post","type-post","status-publish","format-standard","hentry","category-politique-africaine","category-afrique-de-lest","tag-lettres-de-creance","tag-ouganda","tag-yoweri-museveni"],"_links":{"self":[{"href":"https:\/\/qiraatafrican.com\/fr\/wp-json\/wp\/v2\/posts\/1286","targetHints":{"allow":["GET"]}}],"collection":[{"href":"https:\/\/qiraatafrican.com\/fr\/wp-json\/wp\/v2\/posts"}],"about":[{"href":"https:\/\/qiraatafrican.com\/fr\/wp-json\/wp\/v2\/types\/post"}],"author":[{"embeddable":true,"href":"https:\/\/qiraatafrican.com\/fr\/wp-json\/wp\/v2\/users\/1"}],"replies":[{"embeddable":true,"href":"https:\/\/qiraatafrican.com\/fr\/wp-json\/wp\/v2\/comments?post=1286"}],"version-history":[{"count":0,"href":"https:\/\/qiraatafrican.com\/fr\/wp-json\/wp\/v2\/posts\/1286\/revisions"}],"wp:attachment":[{"href":"https:\/\/qiraatafrican.com\/fr\/wp-json\/wp\/v2\/media?parent=1286"}],"wp:term":[{"taxonomy":"category","embeddable":true,"href":"https:\/\/qiraatafrican.com\/fr\/wp-json\/wp\/v2\/categories?post=1286"},{"taxonomy":"post_tag","embeddable":true,"href":"https:\/\/qiraatafrican.com\/fr\/wp-json\/wp\/v2\/tags?post=1286"}],"curies":[{"name":"wp","href":"https:\/\/api.w.org\/{rel}","templated":true}]}}