{"id":1280,"date":"2022-04-03T10:45:33","date_gmt":"2022-04-03T10:45:33","guid":{"rendered":"https:\/\/qiraatafrican.com\/fr\/?p=1280"},"modified":"2022-04-03T10:45:33","modified_gmt":"2022-04-03T10:45:33","slug":"un-refugie-de-guerre-camerounais-demande-le-meme-traitement-que-les-ukrainiens-aux-etats-unis","status":"publish","type":"post","link":"https:\/\/qiraatafrican.com\/fr\/1280\/un-refugie-de-guerre-camerounais-demande-le-meme-traitement-que-les-ukrainiens-aux-etats-unis\/","title":{"rendered":"Un R\u00e9fugi\u00e9 De Guerre Camerounais Demande Le M\u00eame Traitement Que Les Ukrainiens Aux \u00c9tats-Unis"},"content":{"rendered":"<p>En mars, le pr\u00e9sident Joe Biden a d\u00e9clar\u00e9 que les \u00c9tats-Unis accueilleraient 100 000 r\u00e9fugi\u00e9s ukrainiens, accordant le statut de protection temporaire \u00e9galement connu sous le nom de TPS \u00e0 30 000 autres d\u00e9j\u00e0 aux \u00c9tats-Unis. Mais alors que les Ukrainiens fuyant la guerre sont accueillis avec de grandes marques de solidarit\u00e9, il n&rsquo;en va pas de m\u00eame pour tous.<\/p>\n<p>Wilfred Tebah a quitt\u00e9 son pays, le Cameroun, il y a environ trois ans en raison de son conflit en cours et du risque de pers\u00e9cution. \u00ab\u00a0Il y a beaucoup de Camerounais aux Etats-Unis et certains sont encore en d\u00e9tention et certains sont encore \u00e0 la fronti\u00e8re ce qui avec \u00e7a, \u00e7a pourrait les emp\u00eacher d&rsquo;\u00eatre expuls\u00e9s, dit le jeune de 27 ans, On est en danger, je veux pour le souligner. Et seul TPS pour le Cameroun nous aidera \u00e0 sortir de ce danger \u00bb.<\/p>\n<p>Le statut de protection temporaire fournit un permis de travail de six \u00e0 18 mois. R\u00e9cemment, l&rsquo;ONG Human Rights Watch a publi\u00e9 un rapport indiquant que certains Camerounais ont subi des refus d&rsquo;asile infond\u00e9s et des abus en d\u00e9tention aux \u00c9tats-Unis.<br \/>\nWilfred a \u00e9crit une lettre au s\u00e9nateur r\u00e9publicain Rob Portman expliquant sa situation. Il dit qu&rsquo;il aimerait recevoir le m\u00eame traitement que celui r\u00e9serv\u00e9 aux Ukrainiens. \u00ab\u00a0Je ne peux pas vraiment dire que c&rsquo;est injuste parce qu&rsquo;ils le m\u00e9ritent comme nous le m\u00e9ritons aussi. Alors la seule chose qu&rsquo;on peut faire c&rsquo;est continuer \u00e0 les supplier pour leur demander qu&rsquo;on en a besoin.\u00a0\u00bb, explique Wilfred.<\/p>\n<p>Les demandeurs d&rsquo;asile ukrainiens sont exempt\u00e9s des restrictions d&rsquo;asile visant \u00e0 emp\u00eacher la propagation du COVID-19. Des centaines d&rsquo;entre eux attendent actuellement dans la ville mexicaine de Tijuana pour demander protection aux \u00c9tats-Unis.<\/p>\n<p>\u00ab\u00a0Les \u00c9tats-Unis \u00e9tendent les protections humanitaires aux r\u00e9fugi\u00e9s principalement blancs et europ\u00e9ens, tandis que ces 100 millions de personnes relevant de la comp\u00e9tence du HCR (Haut-Commissariat des Nations Unies pour les r\u00e9fugi\u00e9s), encore une fois principalement des personnes de couleur, d&rsquo;Afrique, du Moyen-Orient et d&rsquo;Asie, ils continuer \u00e0 languir \u00bb, d\u00e9clare Tom K. Wong, professeur agr\u00e9g\u00e9 de sciences politiques \u00e0 l&rsquo;Universit\u00e9 de Californie \u00e0 San Diego.<\/p>\n<p>Le D\u00e9partement de la s\u00e9curit\u00e9 int\u00e9rieure, qui supervise le TPS et d&rsquo;autres programmes humanitaires, a refus\u00e9 de commenter les plaintes de racisme dans la politique d&rsquo;immigration am\u00e9ricaine.<\/p>\n","protected":false},"excerpt":{"rendered":"<p>En mars, le pr\u00e9sident Joe Biden a d\u00e9clar\u00e9 que les \u00c9tats-Unis accueilleraient 100 000 r\u00e9fugi\u00e9s ukrainiens, accordant le statut de protection temporaire \u00e9galement connu sous le nom de TPS \u00e0 30 000 autres d\u00e9j\u00e0 aux \u00c9tats-Unis. Mais alors que les Ukrainiens fuyant la guerre sont accueillis avec de grandes marques de solidarit\u00e9, il n&rsquo;en va [&hellip;]<\/p>\n","protected":false},"author":1,"featured_media":0,"comment_status":"open","ping_status":"open","sticky":false,"template":"","format":"standard","meta":{"iawp_total_views":2,"jnews-multi-image_gallery":[],"jnews_single_post":{"source_name":"Africanews","source_url":"","via_name":"","via_url":"","override_template":"0","override":[{"template":"1","single_blog_custom":"","parallax":"1","fullscreen":"1","layout":"right-sidebar","sidebar":"default-sidebar","second_sidebar":"default-sidebar","sticky_sidebar":"1","share_position":"top","share_float_style":"share-monocrhome","show_share_counter":"1","show_view_counter":"1","show_featured":"1","show_post_meta":"1","show_post_author":"1","show_post_author_image":"1","show_post_date":"1","post_date_format":"default","post_date_format_custom":"Y\/m\/d","show_post_category":"1","show_post_reading_time":"0","post_reading_time_wpm":"300","show_zoom_button":"0","zoom_button_out_step":"2","zoom_button_in_step":"3","show_post_tag":"1","show_prev_next_post":"1","show_popup_post":"1","number_popup_post":"1","show_author_box":"0","show_post_related":"0","show_inline_post_related":"0"}],"override_image_size":"0","image_override":[{"single_post_thumbnail_size":"crop-500","single_post_gallery_size":"crop-500"}],"trending_post":"0","trending_post_position":"meta","trending_post_label":"Trending","sponsored_post":"0","sponsored_post_label":"Sponsored by","sponsored_post_name":"","sponsored_post_url":"","sponsored_post_logo_enable":"0","sponsored_post_logo":"","sponsored_post_desc":"","disable_ad":"0"},"jnews_primary_category":{"id":"5"},"jnews_social_meta":{"fb_title":"","fb_description":"","fb_image":"","twitter_title":"","twitter_description":"","twitter_image":""},"jnews_override_counter":{"override_view_counter":"0","view_counter_number":"0","override_share_counter":"0","share_counter_number":"0","override_like_counter":"0","like_counter_number":"0","override_dislike_counter":"0","dislike_counter_number":"0"},"footnotes":""},"categories":[5,41],"tags":[174,18,492,233],"class_list":["post-1280","post","type-post","status-publish","format-standard","hentry","category-politique-africaine","category-afrique-centrale","tag-cameroun","tag-etats-unis","tag-refugie-de-guerre","tag-ukraine"],"_links":{"self":[{"href":"https:\/\/qiraatafrican.com\/fr\/wp-json\/wp\/v2\/posts\/1280","targetHints":{"allow":["GET"]}}],"collection":[{"href":"https:\/\/qiraatafrican.com\/fr\/wp-json\/wp\/v2\/posts"}],"about":[{"href":"https:\/\/qiraatafrican.com\/fr\/wp-json\/wp\/v2\/types\/post"}],"author":[{"embeddable":true,"href":"https:\/\/qiraatafrican.com\/fr\/wp-json\/wp\/v2\/users\/1"}],"replies":[{"embeddable":true,"href":"https:\/\/qiraatafrican.com\/fr\/wp-json\/wp\/v2\/comments?post=1280"}],"version-history":[{"count":0,"href":"https:\/\/qiraatafrican.com\/fr\/wp-json\/wp\/v2\/posts\/1280\/revisions"}],"wp:attachment":[{"href":"https:\/\/qiraatafrican.com\/fr\/wp-json\/wp\/v2\/media?parent=1280"}],"wp:term":[{"taxonomy":"category","embeddable":true,"href":"https:\/\/qiraatafrican.com\/fr\/wp-json\/wp\/v2\/categories?post=1280"},{"taxonomy":"post_tag","embeddable":true,"href":"https:\/\/qiraatafrican.com\/fr\/wp-json\/wp\/v2\/tags?post=1280"}],"curies":[{"name":"wp","href":"https:\/\/api.w.org\/{rel}","templated":true}]}}