{"id":12711,"date":"2024-09-03T09:26:48","date_gmt":"2024-09-03T09:26:48","guid":{"rendered":"https:\/\/qiraatafrican.com\/fr\/?p=12711"},"modified":"2024-09-03T09:26:48","modified_gmt":"2024-09-03T09:26:48","slug":"nigeria-les-manifestants-du-mouvement-endbadgovernance-accuses-de-subversion","status":"publish","type":"post","link":"https:\/\/qiraatafrican.com\/fr\/12711\/nigeria-les-manifestants-du-mouvement-endbadgovernance-accuses-de-subversion\/","title":{"rendered":"Nig\u00e9ria : les manifestants du mouvement EndBadGovernance accus\u00e9s de subversion"},"content":{"rendered":"<p><strong>Le Nig\u00e9ria a port\u00e9 plainte pour trahison contre 10 personnes en lien avec les manifestations du mois dernier #EndBadGovernance.<\/strong><\/p>\n<p>Les suspects, inculp\u00e9s de complot criminel, de subversion et de cybercriminalit\u00e9, ont comparu devant le tribunal lundi (2 septembre).<\/p>\n<p>La police affirme que les 9 hommes et la femme auraient agi de concert avec Andrew Martin Wynee, un citoyen britannique de 70 ans recherch\u00e9 pour avoir pr\u00e9tendument tent\u00e9 de \u00ab prendre le contr\u00f4le du gouvernement du pr\u00e9sident Bola Ahmed Tinubu \u00bb et pour financement du terrorisme.<\/p>\n<p>Une d\u00e9cision sur la demande de mise en libert\u00e9 sous caution des 10 manifestants est attendue le 11 septembre.<\/p>\n<p>D\u00e9but ao\u00fbt, des manifestations contre les difficult\u00e9s \u00e9conomiques ont secou\u00e9 plusieurs \u00c9tats nig\u00e9rians malgr\u00e9 l\u2019appel du pr\u00e9sident \u00e0 mettre fin aux manifestations qui ont \u00e9t\u00e9 r\u00e9prim\u00e9es par les forces de s\u00e9curit\u00e9.<\/p>\n<p>Environ 120 personnes auraient \u00e9t\u00e9 arr\u00eat\u00e9es.<\/p>\n<p>Amnesty International a condamn\u00e9 cette d\u00e9cision lundi.<\/p>\n<p>Il a d\u00e9clar\u00e9 que \u00ab le gouvernement a donn\u00e9 \u00e0 tort la priorit\u00e9 \u00e0 la punition des manifestants, sans commenter la n\u00e9cessit\u00e9 d&rsquo;enqu\u00eater de mani\u00e8re impartiale sur le meurtre de dizaines de manifestants \u00bb.<\/p>\n","protected":false},"excerpt":{"rendered":"<p>Le Nig\u00e9ria a port\u00e9 plainte pour trahison contre 10 personnes en lien avec les manifestations du mois dernier #EndBadGovernance.<\/p>\n","protected":false},"author":1,"featured_media":12712,"comment_status":"closed","ping_status":"closed","sticky":false,"template":"","format":"standard","meta":{"iawp_total_views":4,"jnews-multi-image_gallery":[],"jnews_single_post":[],"jnews_primary_category":[],"jnews_social_meta":[],"jnews_override_counter":[],"footnotes":""},"categories":[2,5],"tags":[1009,2086,228],"class_list":["post-12711","post","type-post","status-publish","format-standard","has-post-thumbnail","hentry","category-actualites-africaines","category-politique-africaine","tag-justice","tag-manifestation-anti-gouvernementale","tag-nigeria"],"_links":{"self":[{"href":"https:\/\/qiraatafrican.com\/fr\/wp-json\/wp\/v2\/posts\/12711","targetHints":{"allow":["GET"]}}],"collection":[{"href":"https:\/\/qiraatafrican.com\/fr\/wp-json\/wp\/v2\/posts"}],"about":[{"href":"https:\/\/qiraatafrican.com\/fr\/wp-json\/wp\/v2\/types\/post"}],"author":[{"embeddable":true,"href":"https:\/\/qiraatafrican.com\/fr\/wp-json\/wp\/v2\/users\/1"}],"replies":[{"embeddable":true,"href":"https:\/\/qiraatafrican.com\/fr\/wp-json\/wp\/v2\/comments?post=12711"}],"version-history":[{"count":0,"href":"https:\/\/qiraatafrican.com\/fr\/wp-json\/wp\/v2\/posts\/12711\/revisions"}],"wp:featuredmedia":[{"embeddable":true,"href":"https:\/\/qiraatafrican.com\/fr\/wp-json\/wp\/v2\/media\/12712"}],"wp:attachment":[{"href":"https:\/\/qiraatafrican.com\/fr\/wp-json\/wp\/v2\/media?parent=12711"}],"wp:term":[{"taxonomy":"category","embeddable":true,"href":"https:\/\/qiraatafrican.com\/fr\/wp-json\/wp\/v2\/categories?post=12711"},{"taxonomy":"post_tag","embeddable":true,"href":"https:\/\/qiraatafrican.com\/fr\/wp-json\/wp\/v2\/tags?post=12711"}],"curies":[{"name":"wp","href":"https:\/\/api.w.org\/{rel}","templated":true}]}}