{"id":12327,"date":"2024-07-31T07:33:17","date_gmt":"2024-07-31T07:33:17","guid":{"rendered":"https:\/\/qiraatafrican.com\/fr\/?p=12327"},"modified":"2024-07-31T07:33:17","modified_gmt":"2024-07-31T07:33:17","slug":"la-rdc-accuse-le-rwanda-de-brouiller-les-vols","status":"publish","type":"post","link":"https:\/\/qiraatafrican.com\/fr\/12327\/la-rdc-accuse-le-rwanda-de-brouiller-les-vols\/","title":{"rendered":"La RDC accuse le Rwanda de brouiller les vols"},"content":{"rendered":"<p><strong>La R\u00e9publique d\u00e9mocratique du Congo a accus\u00e9 l&rsquo;arm\u00e9e rwandaise d&rsquo;avoir brouill\u00e9 les syst\u00e8mes de navigation par satellite affectant les vols civils dans l&rsquo;est du pays en proie au conflit.<\/strong><\/p>\n<p>Le Rwanda, qui borde la RDC, interf\u00e9rait avec les signaux du syst\u00e8me de positionnement global (GPS) des avions par le biais de \u00ab brouillage \u00bb et de \u00ab spoofing \u00bb &#8211; un type de cybercriminalit\u00e9 qui consiste \u00e0 cr\u00e9er une fausse identit\u00e9 ou \u00e0 se faire passer pour quelqu&rsquo;un d&rsquo;autre.<\/p>\n<p>Cela pose un \u00ab risque important \u00bb pour les vols commerciaux et humanitaires apportant une aide essentielle aux victimes du conflit, a ajout\u00e9 le gouvernement dans un communiqu\u00e9.<\/p>\n<p>Le Rwanda n&rsquo;a pas encore r\u00e9pondu \u00e0 ces all\u00e9gations.<\/p>\n<p>Un rapport de l&rsquo;ONU publi\u00e9 plus t\u00f4t ce mois-ci a accus\u00e9 le Rwanda d&rsquo;avoir d\u00e9ploy\u00e9 jusqu&rsquo;\u00e0 4 000 soldats en RDC pour aider le groupe rebelle M23 dans sa lutte contre les forces gouvernementales.<\/p>\n<p>Le Rwanda n&rsquo;a pas ni\u00e9 l&rsquo;accusation et a d\u00e9clar\u00e9 que le gouvernement de la RDC manquait de volont\u00e9 politique pour r\u00e9soudre la crise dans son est riche en min\u00e9raux.<\/p>\n<p>Les rebelles du M23 ont conquis de nombreux territoires dans l&rsquo;est du pays, notamment dans la province du Nord-Kivu, et ont mis en place une administration parall\u00e8le.<\/p>\n<p>Le groupe affirme se battre pour les droits de la minorit\u00e9 tutsie, le m\u00eame groupe ethnique auquel appartient le pr\u00e9sident rwandais Paul Kagame.<\/p>\n<p>Le conflit a forc\u00e9 des centaines de milliers de familles \u00e0 fuir leurs foyers, et de nombreuses initiatives de paix, ainsi que le d\u00e9ploiement de troupes de l&rsquo;ONU et r\u00e9gionales, n&rsquo;ont pas r\u00e9ussi \u00e0 mettre fin aux combats.<\/p>\n<p>Dans un communiqu\u00e9 sur X, le gouvernement de la RDC a d\u00e9clar\u00e9 avoir men\u00e9 une \u00ab\u00a0enqu\u00eate technique\u00a0\u00bb qui a confirm\u00e9 que le brouillage avait \u00e9t\u00e9 effectu\u00e9 par l&rsquo;arm\u00e9e rwandaise et les rebelles du M23 au \u00ab\u00a0m\u00e9pris\u00a0\u00bb du droit international.<\/p>\n<p>Il n&rsquo;a pas pr\u00e9cis\u00e9 l&rsquo;ampleur de l&rsquo;impact sur le trafic a\u00e9rien, mais a d\u00e9clar\u00e9 que les signaux GPS au-dessus de certaines parties du Nord-Kivu, en particulier la capitale provinciale Goma, avaient \u00e9t\u00e9 affect\u00e9s.<\/p>\n<p>Les zones voisines de l&rsquo;est, comme Beni et Butembo, ont \u00e9galement \u00e9t\u00e9 touch\u00e9es, a-t-il ajout\u00e9.<\/p>\n<p>Le gouvernement a d\u00e9pos\u00e9 une plainte aupr\u00e8s de l&rsquo;Organisation de l&rsquo;aviation civile internationale de l&rsquo;ONU, lui demandant d&rsquo;imposer des \u00ab sanctions appropri\u00e9es \u00bb au Rwanda, ajoute le communiqu\u00e9.<\/p>\n","protected":false},"excerpt":{"rendered":"<p>La R\u00e9publique d\u00e9mocratique du Congo a accus\u00e9 l&rsquo;arm\u00e9e rwandaise d&rsquo;avoir brouill\u00e9 les syst\u00e8mes de navigation par satellite affectant les vols civils dans l&rsquo;est du pays en proie au conflit.<\/p>\n","protected":false},"author":1,"featured_media":12328,"comment_status":"closed","ping_status":"closed","sticky":false,"template":"","format":"standard","meta":{"iawp_total_views":26,"jnews-multi-image_gallery":[],"jnews_single_post":{"source_name":"","source_url":"","via_name":"","via_url":"","override_template":"0","override":[{"template":"1","single_blog_custom":"","parallax":"1","fullscreen":"1","layout":"right-sidebar","sidebar":"default-sidebar","second_sidebar":"default-sidebar","sticky_sidebar":"1","share_position":"topbottom","share_float_style":"share-monocrhome","show_share_counter":"1","show_view_counter":"0","show_featured":"1","show_post_meta":"1","show_post_author":"0","show_post_author_image":"1","show_post_date":"1","post_date_format":"default","post_date_format_custom":"Y\/m\/d","show_post_category":"1","show_post_reading_time":"0","post_reading_time_wpm":"300","post_calculate_word_method":"str_word_count","show_zoom_button":"0","zoom_button_out_step":"2","zoom_button_in_step":"3","show_post_tag":"1","show_prev_next_post":"0","show_popup_post":"0","number_popup_post":"1","show_author_box":"0","show_post_related":"1","show_inline_post_related":"1"}],"override_image_size":"0","image_override":[{"single_post_thumbnail_size":"crop-500","single_post_gallery_size":"crop-500"}],"trending_post":"0","trending_post_position":"meta","trending_post_label":"Trending","sponsored_post":"0","sponsored_post_label":"Sponsored by","sponsored_post_name":"","sponsored_post_url":"","sponsored_post_logo_enable":"0","sponsored_post_logo":"","sponsored_post_desc":"","disable_ad":"0"},"jnews_primary_category":{"id":"","hide":""},"jnews_social_meta":{"fb_title":"","fb_description":"","fb_image":"","twitter_title":"","twitter_description":"","twitter_image":""},"jnews_override_counter":{"override_view_counter":"0","view_counter_number":"0","override_share_counter":"0","share_counter_number":"0","override_like_counter":"0","like_counter_number":"0","override_dislike_counter":"0","dislike_counter_number":"0"},"footnotes":""},"categories":[2,8],"tags":[2117,1171,1767],"class_list":["post-12327","post","type-post","status-publish","format-standard","has-post-thumbnail","hentry","category-actualites-africaines","category-societe-africaine","tag-brouillage-des-vols","tag-les-rebelles-du-m23","tag-tensions-rdc-rwanda"],"_links":{"self":[{"href":"https:\/\/qiraatafrican.com\/fr\/wp-json\/wp\/v2\/posts\/12327","targetHints":{"allow":["GET"]}}],"collection":[{"href":"https:\/\/qiraatafrican.com\/fr\/wp-json\/wp\/v2\/posts"}],"about":[{"href":"https:\/\/qiraatafrican.com\/fr\/wp-json\/wp\/v2\/types\/post"}],"author":[{"embeddable":true,"href":"https:\/\/qiraatafrican.com\/fr\/wp-json\/wp\/v2\/users\/1"}],"replies":[{"embeddable":true,"href":"https:\/\/qiraatafrican.com\/fr\/wp-json\/wp\/v2\/comments?post=12327"}],"version-history":[{"count":0,"href":"https:\/\/qiraatafrican.com\/fr\/wp-json\/wp\/v2\/posts\/12327\/revisions"}],"wp:featuredmedia":[{"embeddable":true,"href":"https:\/\/qiraatafrican.com\/fr\/wp-json\/wp\/v2\/media\/12328"}],"wp:attachment":[{"href":"https:\/\/qiraatafrican.com\/fr\/wp-json\/wp\/v2\/media?parent=12327"}],"wp:term":[{"taxonomy":"category","embeddable":true,"href":"https:\/\/qiraatafrican.com\/fr\/wp-json\/wp\/v2\/categories?post=12327"},{"taxonomy":"post_tag","embeddable":true,"href":"https:\/\/qiraatafrican.com\/fr\/wp-json\/wp\/v2\/tags?post=12327"}],"curies":[{"name":"wp","href":"https:\/\/api.w.org\/{rel}","templated":true}]}}