{"id":12209,"date":"2024-07-22T07:33:14","date_gmt":"2024-07-22T07:33:14","guid":{"rendered":"https:\/\/qiraatafrican.com\/fr\/?p=12209"},"modified":"2024-07-22T07:33:14","modified_gmt":"2024-07-22T07:33:14","slug":"les-organisateurs-des-manifestations-en-ouganda-jouent-avec-le-feu-selon-le-president","status":"publish","type":"post","link":"https:\/\/qiraatafrican.com\/fr\/12209\/les-organisateurs-des-manifestations-en-ouganda-jouent-avec-le-feu-selon-le-president\/","title":{"rendered":"Les organisateurs des manifestations en Ouganda jouent avec le feu, selon le pr\u00e9sident"},"content":{"rendered":"<p><strong>Le pr\u00e9sident ougandais Yoweri Museveni a averti les manifestants qu&rsquo;ils \u00ab\u00a0joueraient avec le feu\u00a0\u00bb s&rsquo;ils poursuivaient leur projet d&rsquo;organiser une marche anti-corruption devant le Parlement mardi.<\/strong><\/p>\n<p>De jeunes Ougandais ont organis\u00e9 une marche sur les r\u00e9seaux sociaux pour exiger la fin de la corruption au sein du gouvernement.<\/p>\n<p>Ils ont \u00e9t\u00e9 en partie inspir\u00e9s par leurs homologues du Kenya voisin, qui ont organis\u00e9 des manifestations de masse qui ont forc\u00e9 le pr\u00e9sident William Ruto \u00e0 abandonner son projet d&rsquo;augmentation des imp\u00f4ts. Les protestations se sont depuis transform\u00e9es en appels \u00e0 sa d\u00e9mission.<\/p>\n<p>Dans un discours t\u00e9l\u00e9vis\u00e9, M. Museveni a averti les organisateurs ougandais que leur projet de manifestation ne serait pas tol\u00e9r\u00e9.<\/p>\n<p>\u00ab\u00a0Nous sommes occup\u00e9s \u00e0 produire de la richesse\u2026 et vous voulez nous d\u00e9ranger. Vous jouez avec le feu parce que nous ne pouvons pas vous permettre de nous d\u00e9ranger\u00a0\u00bb, a-t-il d\u00e9clar\u00e9.<\/p>\n<p>M. Museveni est accus\u00e9 par ses d\u00e9tracteurs de diriger l&rsquo;Ouganda d&rsquo;une main de fer depuis son arriv\u00e9e au pouvoir en 1986, mais ses partisans le f\u00e9licitent pour avoir maintenu la stabilit\u00e9 dans cet \u00c9tat d&rsquo;Afrique de l&rsquo;Est.<\/p>\n<p>Le pr\u00e9sident a \u00e9galement accus\u00e9 certains organisateurs de la manifestation de \u00ab toujours travailler avec des \u00e9trangers \u00bb pour semer le chaos en Ouganda. Il n\u2019a pas donn\u00e9 de d\u00e9tails.<\/p>\n<p>La police avait annonc\u00e9 plus t\u00f4t qu&rsquo;elle avait refus\u00e9 d&rsquo;autoriser la marche.<\/p>\n<p>L&rsquo;un des principaux dirigeants de la protestation a d\u00e9clar\u00e9 \u00e0 l&rsquo;agence de presse AFP qu&rsquo;ils allaient poursuivre cette action.<\/p>\n<p>\u00ab\u00a0Nous n&rsquo;avons pas besoin de l&rsquo;autorisation de la police pour organiser une manifestation pacifique. C&rsquo;est notre droit constitutionnel\u00a0\u00bb, aurait d\u00e9clar\u00e9 Louez Aloikin Opolose.<\/p>\n<p>Les gouvernements britannique et am\u00e9ricain ont impos\u00e9 des sanctions \u00e0 la pr\u00e9sidente du Parlement ougandais, Anita Annet Among, plus t\u00f4t cette ann\u00e9e, apr\u00e8s qu&rsquo;elle ait \u00e9t\u00e9 accus\u00e9e de corruption.<\/p>\n<p>Elle a ni\u00e9 tout acte r\u00e9pr\u00e9hensible.<\/p>\n<p>Les sanctions lui interdisent de voyager au Royaume-Uni et aux \u00c9tats-Unis. Le Royaume-Uni a \u00e9galement annonc\u00e9 qu&rsquo;il lui imposerait un gel de ses avoirs.<\/p>\n<p>Le Royaume-Uni a impos\u00e9 des sanctions similaires \u00e0 deux ministres du gouvernement qui ont \u00e9t\u00e9 limog\u00e9s par M. Museveni apr\u00e8s avoir eux aussi \u00e9t\u00e9 accus\u00e9s de corruption.<\/p>\n<p>Mary Goretti Kitutu et Agnes Nandutu ont \u00e9t\u00e9 inculp\u00e9es devant le tribunal pour un scandale impliquant le vol de milliers de t\u00f4les de toiture destin\u00e9es aux communaut\u00e9s vuln\u00e9rables de la r\u00e9gion du nord-est de Karamoja.<\/p>\n<p>Tous deux ont ni\u00e9 les accusations.<\/p>\n<p>Au Kenya, le pr\u00e9sident Ruto a \u00e9galement appel\u00e9 \u00e0 la fin des manifestations qui ont frapp\u00e9 son gouvernement, d\u00e9clarant : \u00ab Assez, c&rsquo;est assez. \u00bb<\/p>\n<p>Ces manifestations sont les plus importantes au Kenya depuis que M. Ruto a pris ses fonctions apr\u00e8s avoir remport\u00e9 les \u00e9lections de 2022.<\/p>\n<p>Les militants ont pr\u00e9vu de nouvelles manifestations mardi pour exiger sa d\u00e9mission et la fin de ce qu&rsquo;ils appellent la mauvaise gouvernance.<\/p>\n<p>S&rsquo;adressant \u00e0 un rassemblement dans l&rsquo;ouest du comt\u00e9 de Bomet, M. Ruto a d\u00e9clar\u00e9 que les organisateurs de la manifestation ne pouvaient pas rester \u00ab anonymes \u00bb et qu&rsquo;ils devaient \u00ab s&rsquo;avancer et nous dire \u00e0 quoi cette violence va aboutir \u00bb.<\/p>\n<p>Certains manifestants ont pris d&rsquo;assaut le Parlement le mois dernier, y ont incendi\u00e9 une partie et vol\u00e9 la masse, symbole de l&rsquo;autorit\u00e9 du pouvoir l\u00e9gislatif.<\/p>\n<p>Les organisateurs de la manifestation affirment que leurs manifestations ont \u00e9t\u00e9 largement pacifiques.<\/p>\n<p>Ils accusent la police et l&rsquo;arm\u00e9e d&rsquo;avoir r\u00e9agi par la force brutale et d&rsquo;avoir tu\u00e9 des manifestants pacifiques.<\/p>\n<p>Au moins 50 manifestants ont \u00e9t\u00e9 tu\u00e9s et 413 bless\u00e9s depuis le d\u00e9but des manifestations le 18 juin, selon la Commission nationale des droits de l&rsquo;homme du Kenya, financ\u00e9e par l&rsquo;\u00c9tat.<\/p>\n<p>Le principal leader de l&rsquo;opposition kenyane, Raila Odinga, a exprim\u00e9 sa solidarit\u00e9 avec les manifestants, affirmant que justice devait \u00eatre rendue aux victimes avant que des n\u00e9gociations avec le gouvernement puissent avoir lieu.<\/p>\n<p>La position de M. Odinga pourrait saper la tentative de M. Ruto d&rsquo;inclure des membres de l&rsquo;opposition dans son cabinet &#8211; une d\u00e9marche dont on esp\u00e8re qu&rsquo;elle contribuera \u00e0 mettre fin aux manifestations men\u00e9es par les jeunes.<\/p>\n","protected":false},"excerpt":{"rendered":"<p>Le pr\u00e9sident ougandais Yoweri Museveni a averti les manifestants qu&rsquo;ils \u00ab\u00a0joueraient avec le feu\u00a0\u00bb s&rsquo;ils poursuivaient leur projet d&rsquo;organiser une marche anti-corruption devant le Parlement mardi.<\/p>\n","protected":false},"author":1,"featured_media":12210,"comment_status":"closed","ping_status":"closed","sticky":false,"template":"","format":"standard","meta":{"iawp_total_views":1,"jnews-multi-image_gallery":[],"jnews_single_post":{"source_name":"","source_url":"","via_name":"","via_url":"","override_template":"0","override":[{"template":"1","single_blog_custom":"","parallax":"1","fullscreen":"1","layout":"right-sidebar","sidebar":"default-sidebar","second_sidebar":"default-sidebar","sticky_sidebar":"1","share_position":"topbottom","share_float_style":"share-monocrhome","show_share_counter":"1","show_view_counter":"0","show_featured":"1","show_post_meta":"1","show_post_author":"0","show_post_author_image":"1","show_post_date":"1","post_date_format":"default","post_date_format_custom":"Y\/m\/d","show_post_category":"1","show_post_reading_time":"0","post_reading_time_wpm":"300","post_calculate_word_method":"str_word_count","show_zoom_button":"0","zoom_button_out_step":"2","zoom_button_in_step":"3","show_post_tag":"1","show_prev_next_post":"0","show_popup_post":"0","number_popup_post":"1","show_author_box":"0","show_post_related":"1","show_inline_post_related":"1"}],"override_image_size":"0","image_override":[{"single_post_thumbnail_size":"crop-500","single_post_gallery_size":"crop-500"}],"trending_post":"0","trending_post_position":"meta","trending_post_label":"Trending","sponsored_post":"0","sponsored_post_label":"Sponsored by","sponsored_post_name":"","sponsored_post_url":"","sponsored_post_logo_enable":"0","sponsored_post_logo":"","sponsored_post_desc":"","disable_ad":"0"},"jnews_primary_category":{"id":"","hide":""},"jnews_social_meta":{"fb_title":"","fb_description":"","fb_image":"","twitter_title":"","twitter_description":"","twitter_image":""},"jnews_override_counter":{"override_view_counter":"0","view_counter_number":"0","override_share_counter":"0","share_counter_number":"0","override_like_counter":"0","like_counter_number":"0","override_dislike_counter":"0","dislike_counter_number":"0"},"footnotes":""},"categories":[2,5],"tags":[1608,220,321],"class_list":["post-12209","post","type-post","status-publish","format-standard","has-post-thumbnail","hentry","category-actualites-africaines","category-politique-africaine","tag-corruption-en-ouganda","tag-manifestants","tag-yoweri-museveni"],"_links":{"self":[{"href":"https:\/\/qiraatafrican.com\/fr\/wp-json\/wp\/v2\/posts\/12209","targetHints":{"allow":["GET"]}}],"collection":[{"href":"https:\/\/qiraatafrican.com\/fr\/wp-json\/wp\/v2\/posts"}],"about":[{"href":"https:\/\/qiraatafrican.com\/fr\/wp-json\/wp\/v2\/types\/post"}],"author":[{"embeddable":true,"href":"https:\/\/qiraatafrican.com\/fr\/wp-json\/wp\/v2\/users\/1"}],"replies":[{"embeddable":true,"href":"https:\/\/qiraatafrican.com\/fr\/wp-json\/wp\/v2\/comments?post=12209"}],"version-history":[{"count":0,"href":"https:\/\/qiraatafrican.com\/fr\/wp-json\/wp\/v2\/posts\/12209\/revisions"}],"wp:featuredmedia":[{"embeddable":true,"href":"https:\/\/qiraatafrican.com\/fr\/wp-json\/wp\/v2\/media\/12210"}],"wp:attachment":[{"href":"https:\/\/qiraatafrican.com\/fr\/wp-json\/wp\/v2\/media?parent=12209"}],"wp:term":[{"taxonomy":"category","embeddable":true,"href":"https:\/\/qiraatafrican.com\/fr\/wp-json\/wp\/v2\/categories?post=12209"},{"taxonomy":"post_tag","embeddable":true,"href":"https:\/\/qiraatafrican.com\/fr\/wp-json\/wp\/v2\/tags?post=12209"}],"curies":[{"name":"wp","href":"https:\/\/api.w.org\/{rel}","templated":true}]}}