{"id":1197,"date":"2022-03-29T13:18:28","date_gmt":"2022-03-29T13:18:28","guid":{"rendered":"https:\/\/qiraatafrican.com\/fr\/?p=1197"},"modified":"2022-03-29T13:18:28","modified_gmt":"2022-03-29T13:18:28","slug":"le-vaccin-contre-le-nationalisme-engendre-linegalite-et-linstabilite-en-afrique-selon-un-rapport","status":"publish","type":"post","link":"https:\/\/qiraatafrican.com\/fr\/1197\/le-vaccin-contre-le-nationalisme-engendre-linegalite-et-linstabilite-en-afrique-selon-un-rapport\/","title":{"rendered":"Le Vaccin Contre Le Nationalisme Engendre L&rsquo;in\u00e9galit\u00e9 Et L&rsquo;instabilit\u00e9 En Afrique, Selon Un Rapport"},"content":{"rendered":"<p>Le Cap \u2013 Le \u00abnationalisme vaccinal rampant\u00bb des nations et des entreprises riches \u2013 qui a vu moins de huit pour cent des Africains enti\u00e8rement vaccin\u00e9s contre Covid-19 d&rsquo;ici la fin de 2021 \u2013 a occup\u00e9 le devant de la sc\u00e8ne lundi en tant que l&rsquo;un des groupes de d\u00e9fense des droits de l&rsquo;homme les plus connus au monde a lanc\u00e9 son rapport annuel.<\/p>\n<p>Habituellement, lors d&rsquo;un tel lancement, l&rsquo;accent est mis sur le comportement des gouvernements et des groupes arm\u00e9s responsables des souffrances les plus atroces des victimes de violence, de torture et d&rsquo;autres abus.<\/p>\n<p>Cependant, la secr\u00e9taire g\u00e9n\u00e9rale d&rsquo;Amnesty International, Agn\u00e8s Callamard, a donn\u00e9 le ton cette ann\u00e9e lorsqu&rsquo;elle a d\u00e9crit les promesses des dirigeants mondiaux de \u00ab\u00a0reconstruire en mieux\u00a0\u00bb apr\u00e8s le virus comme des \u00ab\u00a0slogans habiles\u00a0\u00bb. Lors d&rsquo;une conf\u00e9rence de presse \u00e0 Johannesburg lundi, elle a demand\u00e9 : \u00ab Mieux pour qui ? Mieux par quelles mesures ? Mieux dans l&rsquo;int\u00e9r\u00eat de qui ?<\/p>\n<p>Pr\u00e9sentant un rapport accusant les soci\u00e9t\u00e9s pharmaceutiques de r\u00e9aliser des \u00ab\u00a0profits astronomiques\u00a0\u00bb gr\u00e2ce \u00e0 la pand\u00e9mie, elle a accus\u00e9 les pays d\u00e9velopp\u00e9s de faire passer le profit et le pouvoir avant les gens. Le rapport indique que les soci\u00e9t\u00e9s BioNTech, Pfizer et Moderna devraient gagner 130 milliards de dollars d&rsquo;ici la fin de 2022.<\/p>\n<p>\u00ab\u00a02021 aurait d\u00fb \u00eatre une ann\u00e9e de gu\u00e9rison et de r\u00e9cup\u00e9ration\u00a0\u00bb, a ajout\u00e9 Callamard dans sa pr\u00e9face au rapport. \u00ab\u00a0Au lieu de cela, il est devenu un incubateur pour une plus grande in\u00e9galit\u00e9 et instabilit\u00e9, non seulement en 2021, pas seulement pour 2022, mais pour la d\u00e9cennie \u00e0 venir.\u00a0\u00bb<\/p>\n<p>Elle a d\u00e9clar\u00e9 que le racisme est devenu \u00ab\u00a0de plus en plus ancr\u00e9 dans le fonctionnement du syst\u00e8me international, d\u00e9terminant m\u00eame qui a v\u00e9cu et qui n&rsquo;a pas v\u00e9cu &#8211; ajoutant \u00e0 l&rsquo;histoire cruelle de la vie de qui compte et de qui ne compte pas\u00a0\u00bb.<\/p>\n<p>Le directeur d&rsquo;Amnesty pour l&rsquo;Afrique orientale et australe, Deprose Muchena, a d\u00e9clar\u00e9 que Covid-19 aurait d\u00fb \u00eatre \u00ab\u00a0un signal d&rsquo;alarme d\u00e9cisif pour lutter contre les in\u00e9galit\u00e9s et la pauvret\u00e9. Au lieu de cela, nous avons vu des in\u00e9galit\u00e9s plus profondes et une plus grande instabilit\u00e9 en Afrique exacerb\u00e9es par les puissances mondiales. .\u00a0\u00bb<\/p>\n<p>\u00ab\u00a0Les pays riches et puissants ont utilis\u00e9 l&rsquo;argent et leur influence politique pour se procurer des centaines de millions de doses, excluant les pays pauvres du march\u00e9\u00a0\u00bb, a rapport\u00e9 Samira Daoud, directrice d&rsquo;Amnesty Afrique de l&rsquo;Ouest et du Centre.<\/p>\n<p>Le rapport indique que la pand\u00e9mie a \u00e9galement mis en \u00e9vidence le \u00ab\u00a0manque chronique d&rsquo;investissement dans les secteurs de la sant\u00e9\u00a0\u00bb du continent depuis de nombreuses ann\u00e9es. \u00ab\u00a0Les syst\u00e8mes de sant\u00e9 d\u00e9j\u00e0 inad\u00e9quats dans la plupart des pays ont \u00e9t\u00e9 mis \u00e0 rude \u00e9preuve, en particulier pendant la troisi\u00e8me vague de la pand\u00e9mie.\u00a0\u00bb<\/p>\n<p>Recommandant des mesures pour am\u00e9liorer la r\u00e9ponse internationale \u00e0 Covid-19, Amnesty a d\u00e9clar\u00e9 que la r\u00e9ponse \u00e0 la pand\u00e9mie devrait \u00eatre construite \u00ab\u00a0fermement sur un cadre des droits de l&rsquo;homme\u00a0\u00bb.<\/p>\n<p>\u00ab\u00a0Tous les gouvernements devraient mettre en place des mesures, y compris des lois, pour emp\u00eacher les d\u00e9veloppeurs de vaccins d&rsquo;entraver l&rsquo;acc\u00e8s aux vaccins Covid-19\u00a0\u00bb, indique le rapport.<\/p>\n<p>\u00ab\u00a0Les pays les plus riches en particulier doivent redistribuer les stocks exc\u00e9dentaires de vaccins Covid-19 aux pays \u00e0 faible revenu et acc\u00e9l\u00e9rer l&rsquo;all\u00e9gement de la dette pour faciliter la reprise \u00e9conomique. Les soci\u00e9t\u00e9s pharmaceutiques devraient donner la priorit\u00e9 aux livraisons l\u00e0 o\u00f9 elles sont le plus n\u00e9cessaires.\u00a0\u00bb<\/p>\n<p>Il a \u00e9galement exhort\u00e9 les entreprises de m\u00e9dias sociaux \u00e0 emp\u00eacher la diffusion d&rsquo;informations fausses ou trompeuses et a d\u00e9clar\u00e9 que les gouvernements devraient cesser d&rsquo;utiliser la pand\u00e9mie comme excuse pour faire taire les reportages et les d\u00e9bats ind\u00e9pendants.<\/p>\n","protected":false},"excerpt":{"rendered":"<p>Le Cap \u2013 Le \u00abnationalisme vaccinal rampant\u00bb des nations et des entreprises riches \u2013 qui a vu moins de huit pour cent des Africains enti\u00e8rement vaccin\u00e9s contre Covid-19 d&rsquo;ici la fin de 2021 \u2013 a occup\u00e9 le devant de la sc\u00e8ne lundi en tant que l&rsquo;un des groupes de d\u00e9fense des droits de l&rsquo;homme les [&hellip;]<\/p>\n","protected":false},"author":1,"featured_media":0,"comment_status":"open","ping_status":"open","sticky":false,"template":"","format":"standard","meta":{"iawp_total_views":5,"jnews-multi-image_gallery":[],"jnews_single_post":{"source_name":"AllAfrica","source_url":"","via_name":"","via_url":"","override_template":"0","override":[{"template":"1","single_blog_custom":"","parallax":"1","fullscreen":"1","layout":"right-sidebar","sidebar":"default-sidebar","second_sidebar":"default-sidebar","sticky_sidebar":"1","share_position":"top","share_float_style":"share-monocrhome","show_share_counter":"1","show_view_counter":"1","show_featured":"1","show_post_meta":"1","show_post_author":"1","show_post_author_image":"1","show_post_date":"1","post_date_format":"default","post_date_format_custom":"Y\/m\/d","show_post_category":"1","show_post_reading_time":"0","post_reading_time_wpm":"300","show_zoom_button":"0","zoom_button_out_step":"2","zoom_button_in_step":"3","show_post_tag":"1","show_prev_next_post":"1","show_popup_post":"1","number_popup_post":"1","show_author_box":"0","show_post_related":"0","show_inline_post_related":"0"}],"override_image_size":"0","image_override":[{"single_post_thumbnail_size":"crop-500","single_post_gallery_size":"crop-500"}],"trending_post":"0","trending_post_position":"meta","trending_post_label":"Trending","sponsored_post":"0","sponsored_post_label":"Sponsored by","sponsored_post_name":"","sponsored_post_url":"","sponsored_post_logo_enable":"0","sponsored_post_logo":"","sponsored_post_desc":"","disable_ad":"0"},"jnews_primary_category":{"id":"2"},"jnews_social_meta":{"fb_title":"","fb_description":"","fb_image":"","twitter_title":"","twitter_description":"","twitter_image":""},"jnews_override_counter":{"override_view_counter":"0","view_counter_number":"0","override_share_counter":"0","share_counter_number":"0","override_like_counter":"0","like_counter_number":"0","override_dislike_counter":"0","dislike_counter_number":"0"},"footnotes":""},"categories":[2,8],"tags":[245,450,451,449,448],"class_list":["post-1197","post","type-post","status-publish","format-standard","hentry","category-actualites-africaines","category-societe-africaine","tag-afrique","tag-inegalite","tag-instabilite","tag-nationalisme","tag-vaccin"],"_links":{"self":[{"href":"https:\/\/qiraatafrican.com\/fr\/wp-json\/wp\/v2\/posts\/1197","targetHints":{"allow":["GET"]}}],"collection":[{"href":"https:\/\/qiraatafrican.com\/fr\/wp-json\/wp\/v2\/posts"}],"about":[{"href":"https:\/\/qiraatafrican.com\/fr\/wp-json\/wp\/v2\/types\/post"}],"author":[{"embeddable":true,"href":"https:\/\/qiraatafrican.com\/fr\/wp-json\/wp\/v2\/users\/1"}],"replies":[{"embeddable":true,"href":"https:\/\/qiraatafrican.com\/fr\/wp-json\/wp\/v2\/comments?post=1197"}],"version-history":[{"count":0,"href":"https:\/\/qiraatafrican.com\/fr\/wp-json\/wp\/v2\/posts\/1197\/revisions"}],"wp:attachment":[{"href":"https:\/\/qiraatafrican.com\/fr\/wp-json\/wp\/v2\/media?parent=1197"}],"wp:term":[{"taxonomy":"category","embeddable":true,"href":"https:\/\/qiraatafrican.com\/fr\/wp-json\/wp\/v2\/categories?post=1197"},{"taxonomy":"post_tag","embeddable":true,"href":"https:\/\/qiraatafrican.com\/fr\/wp-json\/wp\/v2\/tags?post=1197"}],"curies":[{"name":"wp","href":"https:\/\/api.w.org\/{rel}","templated":true}]}}