{"id":11689,"date":"2024-05-31T09:57:21","date_gmt":"2024-05-31T09:57:21","guid":{"rendered":"https:\/\/qiraatafrican.com\/fr\/?p=11689"},"modified":"2024-05-31T10:50:54","modified_gmt":"2024-05-31T10:50:54","slug":"senegal-le-president-faye-affirme-que-le-mali-nest-pas-totalement-inflexible-sur-la-cedeao","status":"publish","type":"post","link":"https:\/\/qiraatafrican.com\/fr\/11689\/senegal-le-president-faye-affirme-que-le-mali-nest-pas-totalement-inflexible-sur-la-cedeao\/","title":{"rendered":"S\u00e9n\u00e9gal : le pr\u00e9sident Faye affirme que le Mali \u00ab n&rsquo;est pas totalement inflexible \u00bb sur la CEDEAO"},"content":{"rendered":"<p><strong>Le nouveau pr\u00e9sident s\u00e9n\u00e9galais Bassirou Diomaye Faye s&rsquo;est entretenu jeudi avec le dirigeant malien, le colonel Assimi Goita, \u00e0 Bamako, la capitale malienne.<\/strong><\/p>\n<p>Plus t\u00f4t cette ann\u00e9e, Goita, qui a pris le pouvoir suite \u00e0 un coup d&rsquo;\u00c9tat, a annonc\u00e9 le retrait du Mali de la CEDEAO.<\/p>\n<p>Faye, qui \u00e9tait \u00e0 Bamako pour discuter de la coop\u00e9ration entre le Mali et le S\u00e9n\u00e9gal et pour parler de l&rsquo;adh\u00e9sion du Mali \u00e0 la CEDEAO (Communaut\u00e9 \u00e9conomique des \u00c9tats de l&rsquo;Afrique de l&rsquo;Ouest), a d\u00e9clar\u00e9 : \u00ab\u00a0Je comprends la position du Mali qui, bien que rigide, n&rsquo;est pas totalement inflexible\u00a0\u00bb.<\/p>\n<p>\u00ab\u00a0Mais nous pensons que, du moins de mon point de vue, nous devons continuer \u00e0 travailler avec toutes les parties concern\u00e9es. Nous ne devons pas nous d\u00e9courager ; nous devons trouver des voies heureuses pour renforcer l&rsquo;int\u00e9gration.\u00a0\u00bb<\/p>\n<p>La visite au Mali est la premi\u00e8re \u00e9tape d&rsquo;un voyage qui m\u00e8nera Faye au Burkina Faso, un autre pays sah\u00e9lien qui, comme le Mali, est confront\u00e9 \u00e0 la menace de groupes terroristes arm\u00e9s li\u00e9s \u00e0 Al-Qa\u00efda et est dirig\u00e9 par une autre junte militaire \u00e0 la suite d&rsquo;un coup d&rsquo;\u00c9tat. d&rsquo;\u00e9tat.<\/p>\n<p>La r\u00e9cente promesse \u00e9lectorale de Faye \u00e9tait de ramener le Mali, le Burkina Faso et le Niger dans le bloc r\u00e9gional de la CEDEAO.<\/p>\n","protected":false},"excerpt":{"rendered":"<p>Le nouveau pr\u00e9sident s\u00e9n\u00e9galais Bassirou Diomaye Faye s&rsquo;est entretenu jeudi avec le dirigeant malien, le colonel Assimi Goita, \u00e0 Bamako, la capitale malienne.<\/p>\n","protected":false},"author":1,"featured_media":11690,"comment_status":"closed","ping_status":"closed","sticky":false,"template":"","format":"standard","meta":{"iawp_total_views":20,"jnews-multi-image_gallery":[],"jnews_single_post":{"source_name":"","source_url":"","via_name":"","via_url":"","override_template":"0","override":[{"template":"1","single_blog_custom":"","parallax":"1","fullscreen":"1","layout":"right-sidebar","sidebar":"default-sidebar","second_sidebar":"default-sidebar","sticky_sidebar":"1","share_position":"topbottom","share_float_style":"share-monocrhome","show_share_counter":"1","show_view_counter":"0","show_featured":"1","show_post_meta":"1","show_post_author":"0","show_post_author_image":"1","show_post_date":"1","post_date_format":"default","post_date_format_custom":"Y\/m\/d","show_post_category":"1","show_post_reading_time":"0","post_reading_time_wpm":"300","show_zoom_button":"0","zoom_button_out_step":"2","zoom_button_in_step":"3","show_post_tag":"1","show_prev_next_post":"0","show_popup_post":"0","number_popup_post":"1","show_author_box":"0","show_post_related":"1","show_inline_post_related":"1"}],"override_image_size":"0","image_override":[{"single_post_thumbnail_size":"crop-500","single_post_gallery_size":"crop-500"}],"trending_post":"0","trending_post_position":"meta","trending_post_label":"Trending","sponsored_post":"0","sponsored_post_label":"Sponsored by","sponsored_post_name":"","sponsored_post_url":"","sponsored_post_logo_enable":"0","sponsored_post_logo":"","sponsored_post_desc":"","disable_ad":"0"},"jnews_primary_category":{"id":"","hide":""},"jnews_social_meta":{"fb_title":"","fb_description":"","fb_image":"","twitter_title":"","twitter_description":"","twitter_image":""},"jnews_override_counter":{"override_view_counter":"0","view_counter_number":"0","override_share_counter":"0","share_counter_number":"0","override_like_counter":"0","like_counter_number":"0","override_dislike_counter":"0","dislike_counter_number":"0"},"footnotes":""},"categories":[38],"tags":[1460,112,1910],"class_list":["post-11689","post","type-post","status-publish","format-standard","has-post-thumbnail","hentry","category-suivis","tag-bassirou-diomaye-faye","tag-cedeao","tag-relation-senegal-mali"],"_links":{"self":[{"href":"https:\/\/qiraatafrican.com\/fr\/wp-json\/wp\/v2\/posts\/11689","targetHints":{"allow":["GET"]}}],"collection":[{"href":"https:\/\/qiraatafrican.com\/fr\/wp-json\/wp\/v2\/posts"}],"about":[{"href":"https:\/\/qiraatafrican.com\/fr\/wp-json\/wp\/v2\/types\/post"}],"author":[{"embeddable":true,"href":"https:\/\/qiraatafrican.com\/fr\/wp-json\/wp\/v2\/users\/1"}],"replies":[{"embeddable":true,"href":"https:\/\/qiraatafrican.com\/fr\/wp-json\/wp\/v2\/comments?post=11689"}],"version-history":[{"count":0,"href":"https:\/\/qiraatafrican.com\/fr\/wp-json\/wp\/v2\/posts\/11689\/revisions"}],"wp:featuredmedia":[{"embeddable":true,"href":"https:\/\/qiraatafrican.com\/fr\/wp-json\/wp\/v2\/media\/11690"}],"wp:attachment":[{"href":"https:\/\/qiraatafrican.com\/fr\/wp-json\/wp\/v2\/media?parent=11689"}],"wp:term":[{"taxonomy":"category","embeddable":true,"href":"https:\/\/qiraatafrican.com\/fr\/wp-json\/wp\/v2\/categories?post=11689"},{"taxonomy":"post_tag","embeddable":true,"href":"https:\/\/qiraatafrican.com\/fr\/wp-json\/wp\/v2\/tags?post=11689"}],"curies":[{"name":"wp","href":"https:\/\/api.w.org\/{rel}","templated":true}]}}