{"id":11641,"date":"2024-05-27T08:13:55","date_gmt":"2024-05-27T08:13:55","guid":{"rendered":"https:\/\/qiraatafrican.com\/fr\/?p=11641"},"modified":"2024-05-27T08:13:55","modified_gmt":"2024-05-27T08:13:55","slug":"la-junte-du-burkina-faso-prolonge-de-5-ans-son-mandat-de-transition","status":"publish","type":"post","link":"https:\/\/qiraatafrican.com\/fr\/11641\/la-junte-du-burkina-faso-prolonge-de-5-ans-son-mandat-de-transition\/","title":{"rendered":"La junte du Burkina Faso prolonge de 5 ans son mandat de transition"},"content":{"rendered":"<p><strong>Le chef militaire du Burkina Faso restera au pouvoir pendant cinq ans encore apr\u00e8s la signature d&rsquo;une nouvelle charte \u00e0 l&rsquo;issue des consultations nationales du samedi 25 mai. Les pourparlers dans la capitale, Ouagadougou, ont r\u00e9uni la soci\u00e9t\u00e9 civile, les forces de s\u00e9curit\u00e9 et les l\u00e9gislateurs de la transition, mais la plupart des partis politiques n&rsquo;a pas particip\u00e9.<\/strong><\/p>\n<p>\u00ab\u00a0La dur\u00e9e de la transition est fix\u00e9e \u00e0 60 mois \u00e0 compter du 2 juillet 2024\u00a0\u00bb, a d\u00e9clar\u00e9 le colonel Moussa Diallo, pr\u00e9sident du comit\u00e9 d&rsquo;organisation du processus de dialogue national, dans un discours prononc\u00e9 \u00e0 l&rsquo;issue des pourparlers.<\/p>\n<p>Le Burkina Faso fait partie d\u2019une liste croissante de pays d\u2019Afrique de l\u2019Ouest o\u00f9 l\u2019arm\u00e9e a pris le pouvoir, accusant les gouvernements \u00e9lus de ne pas tenir leurs promesses. La junte actuelle a pris le pouvoir en septembre 2022 en renversant le r\u00e9gime militaire du lieutenant-colonel Paul Henri Sandaogo Damiba environ huit mois apr\u00e8s avoir organis\u00e9 un coup d&rsquo;\u00c9tat visant \u00e0 renverser le pr\u00e9sident d\u00e9mocratiquement \u00e9lu Roch Marc Kabor\u00e9.<\/p>\n<p>Le gouvernement de transition dirige le Burkina Faso selon une constitution approuv\u00e9e par une assembl\u00e9e nationale qui comprenait des officiers de l&rsquo;arm\u00e9e, des groupes de la soci\u00e9t\u00e9 civile et des chefs traditionnels et religieux. La junte s\u2019\u00e9tait fix\u00e9 pour objectif d\u2019organiser des \u00e9lections pour ramener le pays \u00e0 un r\u00e9gime d\u00e9mocratique d\u2019ici juillet 2024.<\/p>\n<p>Le capitaine Ibrahim Traor\u00e9 a \u00e9t\u00e9 nomm\u00e9 pr\u00e9sident de transition. Cependant, depuis sa cr\u00e9ation, la junte a eu du mal \u00e0 mettre fin aux d\u00e9fis s\u00e9curitaires du Burkina Faso \u2013 la raison m\u00eame qui, selon elle, l&rsquo;a pouss\u00e9e \u00e0 prendre le pouvoir en septembre 2022. Environ la moiti\u00e9 du territoire du Burkina Faso reste hors du contr\u00f4le du gouvernement.<\/p>\n<p>Ce pays d&rsquo;Afrique de l&rsquo;Ouest a \u00e9t\u00e9 ravag\u00e9 par la multiplication des attaques perp\u00e9tr\u00e9es par des extr\u00e9mistes musulmans li\u00e9s \u00e0 Al-Qa\u00efda et au groupe \u00c9tat islamique. Les violences ont tu\u00e9 des milliers de personnes, d\u00e9plac\u00e9 plus de 2 millions de personnes et pouss\u00e9 des dizaines de milliers de personnes au bord de la famine.<\/p>\n<p>Frustr\u00e9e par l\u2019absence de progr\u00e8s au fil des ann\u00e9es d\u2019assistance militaire occidentale, la junte a rompu ses liens militaires avec l\u2019ancien dirigeant colonial fran\u00e7ais et s\u2019est tourn\u00e9e vers la Russie pour obtenir un soutien en mati\u00e8re de s\u00e9curit\u00e9.<\/p>\n<p>Traor\u00e9 pourra se pr\u00e9senter aux \u00e9lections \u00e0 la fin de la p\u00e9riode de transition de cinq ans, selon la nouvelle charte. Toutefois, la charte conserve \u00e9galement la possibilit\u00e9 d&rsquo;organiser des \u00e9lections avant la fin de la p\u00e9riode de transition.<\/p>\n","protected":false},"excerpt":{"rendered":"<p>Le chef militaire du Burkina Faso restera au pouvoir pendant cinq ans encore apr\u00e8s la signature d&rsquo;une nouvelle charte \u00e0 l&rsquo;issue des consultations nationales du samedi 25 mai. Les pourparlers dans la capitale, Ouagadougou, ont r\u00e9uni la soci\u00e9t\u00e9 civile, les forces de s\u00e9curit\u00e9 et les l\u00e9gislateurs de la transition, mais la plupart des partis politiques n&rsquo;a pas particip\u00e9.<\/p>\n","protected":false},"author":1,"featured_media":11642,"comment_status":"closed","ping_status":"closed","sticky":false,"template":"","format":"standard","meta":{"iawp_total_views":15,"jnews-multi-image_gallery":[],"jnews_single_post":{"source_name":"","source_url":"","via_name":"","via_url":"","override_template":"0","override":[{"template":"1","single_blog_custom":"","parallax":"1","fullscreen":"1","layout":"right-sidebar","sidebar":"default-sidebar","second_sidebar":"default-sidebar","sticky_sidebar":"1","share_position":"topbottom","share_float_style":"share-monocrhome","show_share_counter":"1","show_view_counter":"0","show_featured":"1","show_post_meta":"1","show_post_author":"0","show_post_author_image":"1","show_post_date":"1","post_date_format":"default","post_date_format_custom":"Y\/m\/d","show_post_category":"1","show_post_reading_time":"0","post_reading_time_wpm":"300","show_zoom_button":"0","zoom_button_out_step":"2","zoom_button_in_step":"3","show_post_tag":"1","show_prev_next_post":"0","show_popup_post":"0","number_popup_post":"1","show_author_box":"0","show_post_related":"1","show_inline_post_related":"1"}],"override_image_size":"0","image_override":[{"single_post_thumbnail_size":"crop-500","single_post_gallery_size":"crop-500"}],"trending_post":"0","trending_post_position":"meta","trending_post_label":"Trending","sponsored_post":"0","sponsored_post_label":"Sponsored by","sponsored_post_name":"","sponsored_post_url":"","sponsored_post_logo_enable":"0","sponsored_post_logo":"","sponsored_post_desc":"","disable_ad":"0"},"jnews_primary_category":{"id":"","hide":""},"jnews_social_meta":{"fb_title":"","fb_description":"","fb_image":"","twitter_title":"","twitter_description":"","twitter_image":""},"jnews_override_counter":{"override_view_counter":"0","view_counter_number":"0","override_share_counter":"0","share_counter_number":"0","override_like_counter":"0","like_counter_number":"0","override_dislike_counter":"0","dislike_counter_number":"0"},"footnotes":""},"categories":[38],"tags":[115,1892,574],"class_list":["post-11641","post","type-post","status-publish","format-standard","has-post-thumbnail","hentry","category-suivis","tag-burkina-faso","tag-conseil-national-de-transition","tag-la-junte-militaire"],"_links":{"self":[{"href":"https:\/\/qiraatafrican.com\/fr\/wp-json\/wp\/v2\/posts\/11641","targetHints":{"allow":["GET"]}}],"collection":[{"href":"https:\/\/qiraatafrican.com\/fr\/wp-json\/wp\/v2\/posts"}],"about":[{"href":"https:\/\/qiraatafrican.com\/fr\/wp-json\/wp\/v2\/types\/post"}],"author":[{"embeddable":true,"href":"https:\/\/qiraatafrican.com\/fr\/wp-json\/wp\/v2\/users\/1"}],"replies":[{"embeddable":true,"href":"https:\/\/qiraatafrican.com\/fr\/wp-json\/wp\/v2\/comments?post=11641"}],"version-history":[{"count":0,"href":"https:\/\/qiraatafrican.com\/fr\/wp-json\/wp\/v2\/posts\/11641\/revisions"}],"wp:featuredmedia":[{"embeddable":true,"href":"https:\/\/qiraatafrican.com\/fr\/wp-json\/wp\/v2\/media\/11642"}],"wp:attachment":[{"href":"https:\/\/qiraatafrican.com\/fr\/wp-json\/wp\/v2\/media?parent=11641"}],"wp:term":[{"taxonomy":"category","embeddable":true,"href":"https:\/\/qiraatafrican.com\/fr\/wp-json\/wp\/v2\/categories?post=11641"},{"taxonomy":"post_tag","embeddable":true,"href":"https:\/\/qiraatafrican.com\/fr\/wp-json\/wp\/v2\/tags?post=11641"}],"curies":[{"name":"wp","href":"https:\/\/api.w.org\/{rel}","templated":true}]}}