{"id":11028,"date":"2024-03-26T08:58:22","date_gmt":"2024-03-26T08:58:22","guid":{"rendered":"https:\/\/qiraatafrican.com\/fr\/?p=11028"},"modified":"2024-03-28T08:35:09","modified_gmt":"2024-03-28T08:35:09","slug":"pret-a-devenir-le-prochain-president-du-senegal-diomaye-faye-sengage-a-gouverner-avec-humilite","status":"publish","type":"post","link":"https:\/\/qiraatafrican.com\/fr\/11028\/pret-a-devenir-le-prochain-president-du-senegal-diomaye-faye-sengage-a-gouverner-avec-humilite\/","title":{"rendered":"Pr\u00eat \u00e0 devenir le prochain pr\u00e9sident du S\u00e9n\u00e9gal, Diomaye Faye s&rsquo;engage \u00e0 \u00ab gouverner avec humilit\u00e9 \u00bb"},"content":{"rendered":"<p><strong>Le chef de l&rsquo;opposition peu connu, Bassirou Diomaye Faye, \u00e2g\u00e9 de 44 ans, a \u00e9t\u00e9 f\u00e9licit\u00e9 lundi 25 mars par le pr\u00e9sident sortant du S\u00e9n\u00e9gal, Macky Sall.<\/strong><\/p>\n<p>Il devrait devenir le prochain pr\u00e9sident de ce pays d&rsquo;Afrique de l&rsquo;Ouest, moins de deux semaines apr\u00e8s avoir \u00e9t\u00e9 lib\u00e9r\u00e9 de prison pour se pr\u00e9senter aux \u00e9lections.<\/p>\n<p>Selon l&rsquo;Agence de presse s\u00e9n\u00e9galaise (APS), le conseil constitutionnel annoncera les r\u00e9sultats \u00e0 partir du 3 avril.<\/p>\n<p>L\u2019ancien Premier ministre, qui \u00e9tait l\u2019autre favori et qui \u00e9tait soutenu par le pr\u00e9sident sortant Sall, a reconnu sa d\u00e9faite sur la base des r\u00e9sultats pr\u00e9liminaires.<\/p>\n<p>Une d\u00e9marche salu\u00e9e par Diomaye Faye : \u00ab Je salue la d\u00e9marche des autres candidats qui, sans exception, ont honor\u00e9 une tradition tr\u00e8s s\u00e9n\u00e9galaise sans m\u00eame attendre l&rsquo;annonce des r\u00e9sultats officiels par les organes habilit\u00e9s de l&rsquo;Etat. Leurs messages de f\u00e9licitations sont un t\u00e9moignage \u00e9loquent. \u00e0 leur grandeur \u00bb, a-t-il d\u00e9clar\u00e9 lors d&rsquo;un discours \u00e0 Dakar lundi 25 mars.<\/p>\n<p>Dioamaye Faye a promis de gouverner avec humilit\u00e9 et de lutter contre la corruption.<\/p>\n<p>Il s&rsquo;est \u00e9galement engag\u00e9 \u00e0 faire progresser l&rsquo;int\u00e9gration politique et \u00e9conomique de l&rsquo;Afrique et a \u00e9galement promis sa fiabilit\u00e9 envers les partenaires du S\u00e9n\u00e9gal.<\/p>\n<p>\u00ab\u00a0Je voudrais dire \u00e0 la communaut\u00e9 internationale et \u00e0 nos partenaires bilat\u00e9raux et multilat\u00e9raux que le S\u00e9n\u00e9gal honorera toujours ses engagements. Il restera un pays ami et un alli\u00e9 s\u00fbr et fiable pour tout partenaire qui s&rsquo;engagera avec nous dans une d\u00e9marche vertueuse, respectueuse et mutuelle. coop\u00e9ration productive\u00a0\u00bb, a-t-il d\u00e9clar\u00e9 devant une salle comble.<\/p>\n<p>La performance de Faye refl\u00e8te la frustration des jeunes face au ch\u00f4mage \u00e9lev\u00e9 et aux inqui\u00e9tudes concernant la gouvernance dans ce pays d\u2019Afrique de l\u2019Ouest.<\/p>\n<p>Prot\u00e9g\u00e9 d&rsquo;Ousmane Sonko, Faye s&rsquo;est engag\u00e9 \u00e0 prot\u00e9ger le S\u00e9n\u00e9gal de la corruption et de l&rsquo;ing\u00e9rence des puissances \u00e9trang\u00e8res.<\/p>\n<h2>De prisonnier \u00e0 pr\u00e9sident<\/h2>\n<p>Sonko, qui a \u00e9galement \u00e9t\u00e9 lib\u00e9r\u00e9 le 14 mars apr\u00e8s des mois de prison lors de c\u00e9l\u00e9brations jubilatoires dans la capitale, s&rsquo;est vu interdire de se pr\u00e9senter en raison d&rsquo;une condamnation ant\u00e9rieure et Faye s&rsquo;est pr\u00e9sent\u00e9 \u00e0 sa place.<\/p>\n<p>L&rsquo;\u00e9lection de dimanche 24 mars a fait suite \u00e0 des mois de troubles d\u00e9clench\u00e9s par l&rsquo;arrestation de Faye et Sonko l&rsquo;ann\u00e9e derni\u00e8re, et aux inqui\u00e9tudes selon lesquelles le pr\u00e9sident briguerait un troisi\u00e8me mandat malgr\u00e9 les limites constitutionnelles.<\/p>\n<p>Les violences ont \u00e9branl\u00e9 la r\u00e9putation du S\u00e9n\u00e9gal en tant que d\u00e9mocratie stable dans une r\u00e9gion qui a connu une vague de coups d\u2019\u00c9tat. Les groupes de d\u00e9fense des droits ont d\u00e9clar\u00e9 que des dizaines de personnes avaient \u00e9t\u00e9 tu\u00e9es lors des manifestations, tandis qu&rsquo;environ 1 000 personnes avaient \u00e9t\u00e9 emprisonn\u00e9es.<\/p>\n<p>Faye est un ancien collecteur d&rsquo;imp\u00f4ts et \u00e9tait peu connu jusqu&rsquo;\u00e0 ce que Sonko le nomme son h\u00e9ritier.<\/p>\n<p>Ses racines se trouvent dans une petite ville du centre du S\u00e9n\u00e9gal. Il est musulman pratiquant et a deux \u00e9pouses.<\/p>\n<p>Faye avait \u00e9t\u00e9 emprisonn\u00e9e pour diverses accusations, notamment de diffamation.<\/p>\n<p>Plus de 7 millions de personnes \u00e9taient inscrites sur les listes \u00e9lectorales dans un pays d&rsquo;environ 17 millions d&rsquo;habitants. Pour gagner, les candidats devaient obtenir plus de 50 % des voix.<\/p>\n<p>L&rsquo;\u00e9lection de dimanche \u00e9tait \u00e9galement la premi\u00e8re sans qu&rsquo;un pr\u00e9sident en exercice soit inscrit sur le bulletin de vote apr\u00e8s l&rsquo;introduction de limites de mandats qui ont emp\u00each\u00e9 Sall de briguer un troisi\u00e8me mandat.<\/p>\n<p>Le groupe d&rsquo;observateurs de la soci\u00e9t\u00e9 civile connu sous le nom de COSCE a d\u00e9clar\u00e9 que le taux de participation \u00e9lectorale \u00e9tait sup\u00e9rieur \u00e0 61 %.<\/p>\n","protected":false},"excerpt":{"rendered":"<p>Le chef de l&rsquo;opposition peu connu, Bassirou Diomaye Faye, \u00e2g\u00e9 de 44 ans, a \u00e9t\u00e9 f\u00e9licit\u00e9 lundi 25 mars par le pr\u00e9sident sortant du S\u00e9n\u00e9gal, Macky Sall.<\/p>\n","protected":false},"author":1,"featured_media":11029,"comment_status":"closed","ping_status":"closed","sticky":false,"template":"","format":"standard","meta":{"iawp_total_views":12,"jnews-multi-image_gallery":[],"jnews_single_post":{"source_name":"","source_url":"","via_name":"","via_url":"","override_template":"0","override":[{"template":"1","single_blog_custom":"","parallax":"1","fullscreen":"1","layout":"right-sidebar","sidebar":"default-sidebar","second_sidebar":"default-sidebar","sticky_sidebar":"1","share_position":"topbottom","share_float_style":"share-monocrhome","show_share_counter":"1","show_view_counter":"0","show_featured":"1","show_post_meta":"1","show_post_author":"0","show_post_author_image":"1","show_post_date":"1","post_date_format":"default","post_date_format_custom":"Y\/m\/d","show_post_category":"1","show_post_reading_time":"0","post_reading_time_wpm":"300","show_zoom_button":"0","zoom_button_out_step":"2","zoom_button_in_step":"3","show_post_tag":"1","show_prev_next_post":"0","show_popup_post":"0","number_popup_post":"1","show_author_box":"0","show_post_related":"1","show_inline_post_related":"1"}],"override_image_size":"0","image_override":[{"single_post_thumbnail_size":"crop-500","single_post_gallery_size":"crop-500"}],"trending_post":"0","trending_post_position":"meta","trending_post_label":"Trending","sponsored_post":"0","sponsored_post_label":"Sponsored by","sponsored_post_name":"","sponsored_post_url":"","sponsored_post_logo_enable":"0","sponsored_post_logo":"","sponsored_post_desc":"","disable_ad":"0"},"jnews_primary_category":{"id":"","hide":""},"jnews_social_meta":{"fb_title":"","fb_description":"","fb_image":"","twitter_title":"","twitter_description":"","twitter_image":""},"jnews_override_counter":{"override_view_counter":"0","view_counter_number":"0","override_share_counter":"0","share_counter_number":"0","override_like_counter":"0","like_counter_number":"0","override_dislike_counter":"0","dislike_counter_number":"0"},"footnotes":""},"categories":[38],"tags":[1678,1103,1309],"class_list":["post-11028","post","type-post","status-publish","format-standard","has-post-thumbnail","hentry","category-suivis","tag-bassirous-diomaye-faye","tag-chef-de-lopposition","tag-election-presidentielle-au-senegal"],"_links":{"self":[{"href":"https:\/\/qiraatafrican.com\/fr\/wp-json\/wp\/v2\/posts\/11028","targetHints":{"allow":["GET"]}}],"collection":[{"href":"https:\/\/qiraatafrican.com\/fr\/wp-json\/wp\/v2\/posts"}],"about":[{"href":"https:\/\/qiraatafrican.com\/fr\/wp-json\/wp\/v2\/types\/post"}],"author":[{"embeddable":true,"href":"https:\/\/qiraatafrican.com\/fr\/wp-json\/wp\/v2\/users\/1"}],"replies":[{"embeddable":true,"href":"https:\/\/qiraatafrican.com\/fr\/wp-json\/wp\/v2\/comments?post=11028"}],"version-history":[{"count":0,"href":"https:\/\/qiraatafrican.com\/fr\/wp-json\/wp\/v2\/posts\/11028\/revisions"}],"wp:featuredmedia":[{"embeddable":true,"href":"https:\/\/qiraatafrican.com\/fr\/wp-json\/wp\/v2\/media\/11029"}],"wp:attachment":[{"href":"https:\/\/qiraatafrican.com\/fr\/wp-json\/wp\/v2\/media?parent=11028"}],"wp:term":[{"taxonomy":"category","embeddable":true,"href":"https:\/\/qiraatafrican.com\/fr\/wp-json\/wp\/v2\/categories?post=11028"},{"taxonomy":"post_tag","embeddable":true,"href":"https:\/\/qiraatafrican.com\/fr\/wp-json\/wp\/v2\/tags?post=11028"}],"curies":[{"name":"wp","href":"https:\/\/api.w.org\/{rel}","templated":true}]}}