{"id":10614,"date":"2024-02-16T07:59:19","date_gmt":"2024-02-16T07:59:19","guid":{"rendered":"https:\/\/qiraatafrican.com\/fr\/?p=10614"},"modified":"2024-02-16T07:59:19","modified_gmt":"2024-02-16T07:59:19","slug":"les-guerres-et-la-desintegration-des-blocs-regionaux-sont-en-tete-de-lordre-du-jour-des-ministres-du-37eme-sommet-de-lua","status":"publish","type":"post","link":"https:\/\/qiraatafrican.com\/fr\/10614\/les-guerres-et-la-desintegration-des-blocs-regionaux-sont-en-tete-de-lordre-du-jour-des-ministres-du-37eme-sommet-de-lua\/","title":{"rendered":"Les guerres et la d\u00e9sint\u00e9gration des blocs r\u00e9gionaux sont en t\u00eate de l&rsquo;ordre du jour des ministres du 37\u00e8me sommet de l&rsquo;UA"},"content":{"rendered":"<p><strong>Le Conseil ex\u00e9cutif des ministres des Affaires \u00e9trang\u00e8res de l&rsquo;Union africaine s&rsquo;est tenu \u00e0 Addis-Abeba du mercredi 14 f\u00e9vrier au jeudi 15 f\u00e9vrier.<\/strong><\/p>\n<p>Le Conseil des ministres coordonne et prend des d\u00e9cisions sur les politiques dans les domaines d&rsquo;int\u00e9r\u00eat commun aux \u00c9tats membres.<\/p>\n<p>La r\u00e9surgence des coups d&rsquo;\u00c9tat militaires, les violences pr\u00e9- et post-\u00e9lectorales, les crises humanitaires li\u00e9es \u00e0 la guerre et les effets du changement climatique ont \u00e9t\u00e9 soulign\u00e9s.<\/p>\n<p>Le pr\u00e9sident de la Commission de l&rsquo;UA, Moussa Faki Mahamat, a estim\u00e9 qu'\u00a0\u00bbils constituent une menace s\u00e9rieuse qui ternirait les signes de l&rsquo;\u00e9mergence de l&rsquo;Afrique dont nous sommes fiers\u00a0\u00bb.<\/p>\n<p>Le ministre comorien des Affaires \u00e9trang\u00e8res et de la Coop\u00e9ration internationale et pr\u00e9sident du Conseil ex\u00e9cutif a \u00e9galement soulign\u00e9 le terrorisme, l&rsquo;extr\u00e9misme violent et les changements de gouvernement anticonstitutionnels comme un d\u00e9fi aux processus d\u00e9mocratiques sur le continent.<\/p>\n<p>\u00ab\u00a0Nous n&rsquo;avons m\u00e9nag\u00e9 aucun effort pour trouver une solution durable aux diff\u00e9rentes crises qui touchent actuellement le continent\u00a0\u00bb, a d\u00e9clar\u00e9 Dhoihir Dhoulkamal.<\/p>\n<p>\u00ab\u00a0Au Caire, \u00e0 Addis-Abeba et \u00e0 Djibouti, la guerre au Soudan a mobilis\u00e9 les \u00e9nergies pour rapprocher les positions des parties bellig\u00e9rantes.\u00a0\u00bb<\/p>\n<p>Les fissures \u00e9mergentes dans l&rsquo;int\u00e9gration r\u00e9gionale ont \u00e9t\u00e9 discut\u00e9es lors de la session minist\u00e9rielle de deux jours.<\/p>\n<p>Faki a tir\u00e9 la sonnette d&rsquo;alarme sur un \u00ab\u00a0nouveau ph\u00e9nom\u00e8ne d&rsquo;effondrement des institutions de gouvernance r\u00e9gionale et continentale\u00a0\u00bb.<\/p>\n<p>Le 28 janvier, le Mali, le Burkina Faso et le Niger ont annonc\u00e9 conjointement leur retrait \u00ab imm\u00e9diat \u00bb de la Communaut\u00e9 \u00e9conomique des \u00c9tats de l&rsquo;Afrique de l&rsquo;Ouest.<\/p>\n<p>Officiellement, le trait\u00e9 de la CEDEAO pr\u00e9voit que les \u00c9tats membres qui souhaitent quitter le bloc doivent donner \u00e0 leurs dirigeants un pr\u00e9avis \u00e9crit d&rsquo;un an, \u00e0 l&rsquo;issue duquel \u00ab un tel \u00c9tat cessera d&rsquo;\u00eatre membre de la communaut\u00e9 \u00bb.<\/p>\n<p>Faki affirme que le ph\u00e9nom\u00e8ne \u00ab affecte presque toutes les communaut\u00e9s \u00e9conomiques r\u00e9gionales \u00bb.<\/p>\n<p>Parmi les blocs en \u00e9bullition figure la communaut\u00e9 est-africaine, dans laquelle le Burundi et le Rwanda sont une fois de plus confront\u00e9s.<\/p>\n<p>Alors que la guerre dans l&rsquo;est de la RDC continue de d\u00e9placer des milliers de Congolais, la R\u00e9publique d\u00e9mocratique du Congo maintient le groupe rebelle M23, l&rsquo;un des plus actifs dans la r\u00e9gion, parrain\u00e9 par Kigali.<\/p>\n<p>Le Rwanda a ni\u00e9 \u00e0 plusieurs reprises cette accusation.<\/p>\n<h2>\u00c9ducation et coop\u00e9ration multilat\u00e9rale<\/h2>\n<p>\u00ab \u00c9duquer et former l&rsquo;Afrique pour le 21e si\u00e8cle \u00bb est le th\u00e8me de l&rsquo;ann\u00e9e de l&rsquo;UA.<\/p>\n<p>Le Secr\u00e9taire ex\u00e9cutif de la Commission \u00e9conomique des Nations Unies pour l&rsquo;Afrique (CEA) a appel\u00e9 \u00e0 un plus grand impact de l&rsquo;Afrique. Il a affirm\u00e9 que le continent \u00ab ne peut pas se permettre de jouer petit dans cette quatri\u00e8me r\u00e9volution industrielle \u00bb.<\/p>\n<p>\u00ab\u00a0Nous pouvons construire des capacit\u00e9s technologiques qui favorisent la valeur ajout\u00e9e dans des secteurs strat\u00e9giques comme l&rsquo;agroalimentaire, l&rsquo;industrie manufacturi\u00e8re, les transitions vertes, la sant\u00e9 mondiale, etc. Nous pouvons g\u00e9n\u00e9rer des \u00e9conomies d&rsquo;\u00e9chelle et d&rsquo;agglom\u00e9ration parce que nous disposons de la main-d&rsquo;\u0153uvre n\u00e9cessaire\u00a0\u00bb, a d\u00e9clar\u00e9 Claver Gatete.<\/p>\n<p>\u00ab\u00a0Lorsque nous int\u00e9grons l&rsquo;EFTP [Enseignement et formation techniques et professionnels] dans un syst\u00e8me \u00e9ducatif modernis\u00e9, nous garantissons des march\u00e9s du travail capables pour les micro, petites et moyennes entreprises de devenir plus comp\u00e9titives\u00a0\u00bb, a-t-il ajout\u00e9.<\/p>\n<p>Concernant l&rsquo;avancement de la coop\u00e9ration multilat\u00e9rale, le pr\u00e9sident de la commission de l&rsquo;UA a soulign\u00e9 l&rsquo;adh\u00e9sion du G20 au bloc continental.<\/p>\n<p>\u00ab\u00a0Notre adh\u00e9sion au G20, pour laquelle nous avons men\u00e9 un plaidoyer intense, nous impose plus de rationalit\u00e9, de m\u00e9thode et une vigilance constante dans la sph\u00e8re turbulente des relations internationales du moment.\u00a0\u00bb<\/p>\n<p>Ses sentiments ont \u00e9t\u00e9 repris par Taye Atske-Selassie, ministre \u00e9thiopien des Affaires \u00e9trang\u00e8res, qui a not\u00e9 que \u00ab la participation de l&rsquo;Union africaine au G20 nous fournira une plate-forme unique pour contribuer \u00e0 la gouvernance et aux d\u00e9cisions \u00e9conomiques mondiales \u00bb.<\/p>\n<p>Il a \u00e9galement plaid\u00e9 pour \u00ab\u00a0renforcer [les] relations de travail avec les BRICS pour faire progresser la coop\u00e9ration Sud-Sud\u00a0\u00bb et \u00ab\u00a0pour faire progresser davantage l&rsquo;int\u00e9r\u00eat de notre continent et ses ficelles et la gouvernance mondiale\u00a0\u00bb.<\/p>\n<p>L\u2019\u00c9thiopie et l\u2019\u00c9gypte ont officiellement rejoint le bloc cette ann\u00e9e.<\/p>\n<p>Le travail du conseil des ministres des Affaires \u00e9trang\u00e8res comprend la pr\u00e9paration de la session ordinaire de l&rsquo;assembl\u00e9e des chefs d&rsquo;\u00c9tat et de gouvernement de l&rsquo;Union africaine.<\/p>\n<p>Le 37e sommet de l&rsquo;UA d\u00e9butera samedi 17 f\u00e9vrier.<\/p>\n<p>L&rsquo;assembl\u00e9e des chefs d&rsquo;\u00c9tat et de gouvernement d\u00e9lib\u00e9rera \u00e9galement sur la feuille de route pour le th\u00e8me de l&rsquo;ann\u00e9e 2024 sur l&rsquo;\u00e9ducation, la pr\u00e9paration des \u00e9lections des membres de la Commission de l&rsquo;Union africaine, les r\u00e9formes institutionnelles et financi\u00e8res de l&rsquo;Union, ainsi que l&rsquo;\u00e9ventail des de questions telles que l&rsquo;agriculture et les progr\u00e8s en mati\u00e8re de sant\u00e9.<\/p>\n","protected":false},"excerpt":{"rendered":"<p>Le Conseil ex\u00e9cutif des ministres des Affaires \u00e9trang\u00e8res de l&rsquo;Union africaine s&rsquo;est tenu \u00e0 Addis-Abeba du mercredi 14 f\u00e9vrier au jeudi 15 f\u00e9vrier.<\/p>\n","protected":false},"author":1,"featured_media":10615,"comment_status":"closed","ping_status":"closed","sticky":false,"template":"","format":"standard","meta":{"iawp_total_views":10,"jnews-multi-image_gallery":[],"jnews_single_post":{"source_name":"","source_url":"","via_name":"","via_url":"","override_template":"0","override":[{"template":"1","single_blog_custom":"","parallax":"1","fullscreen":"1","layout":"right-sidebar","sidebar":"default-sidebar","second_sidebar":"default-sidebar","sticky_sidebar":"1","share_position":"topbottom","share_float_style":"share-monocrhome","show_share_counter":"1","show_view_counter":"0","show_featured":"1","show_post_meta":"1","show_post_author":"0","show_post_author_image":"1","show_post_date":"1","post_date_format":"default","post_date_format_custom":"Y\/m\/d","show_post_category":"1","show_post_reading_time":"0","post_reading_time_wpm":"300","show_zoom_button":"0","zoom_button_out_step":"2","zoom_button_in_step":"3","show_post_tag":"1","show_prev_next_post":"0","show_popup_post":"0","number_popup_post":"1","show_author_box":"0","show_post_related":"1","show_inline_post_related":"1"}],"override_image_size":"0","image_override":[{"single_post_thumbnail_size":"crop-500","single_post_gallery_size":"crop-500"}],"trending_post":"0","trending_post_position":"meta","trending_post_label":"Trending","sponsored_post":"0","sponsored_post_label":"Sponsored by","sponsored_post_name":"","sponsored_post_url":"","sponsored_post_logo_enable":"0","sponsored_post_logo":"","sponsored_post_desc":"","disable_ad":"0"},"jnews_primary_category":{"id":"","hide":""},"jnews_social_meta":{"fb_title":"","fb_description":"","fb_image":"","twitter_title":"","twitter_description":"","twitter_image":""},"jnews_override_counter":{"override_view_counter":"0","view_counter_number":"0","override_share_counter":"0","share_counter_number":"0","override_like_counter":"0","like_counter_number":"0","override_dislike_counter":"0","dislike_counter_number":"0"},"footnotes":""},"categories":[2],"tags":[112,1538,1537],"class_list":["post-10614","post","type-post","status-publish","format-standard","has-post-thumbnail","hentry","category-actualites-africaines","tag-cedeao","tag-desintegration-des-blocs-regionaux","tag-sommet-de-lunion-africaine"],"_links":{"self":[{"href":"https:\/\/qiraatafrican.com\/fr\/wp-json\/wp\/v2\/posts\/10614","targetHints":{"allow":["GET"]}}],"collection":[{"href":"https:\/\/qiraatafrican.com\/fr\/wp-json\/wp\/v2\/posts"}],"about":[{"href":"https:\/\/qiraatafrican.com\/fr\/wp-json\/wp\/v2\/types\/post"}],"author":[{"embeddable":true,"href":"https:\/\/qiraatafrican.com\/fr\/wp-json\/wp\/v2\/users\/1"}],"replies":[{"embeddable":true,"href":"https:\/\/qiraatafrican.com\/fr\/wp-json\/wp\/v2\/comments?post=10614"}],"version-history":[{"count":0,"href":"https:\/\/qiraatafrican.com\/fr\/wp-json\/wp\/v2\/posts\/10614\/revisions"}],"wp:featuredmedia":[{"embeddable":true,"href":"https:\/\/qiraatafrican.com\/fr\/wp-json\/wp\/v2\/media\/10615"}],"wp:attachment":[{"href":"https:\/\/qiraatafrican.com\/fr\/wp-json\/wp\/v2\/media?parent=10614"}],"wp:term":[{"taxonomy":"category","embeddable":true,"href":"https:\/\/qiraatafrican.com\/fr\/wp-json\/wp\/v2\/categories?post=10614"},{"taxonomy":"post_tag","embeddable":true,"href":"https:\/\/qiraatafrican.com\/fr\/wp-json\/wp\/v2\/tags?post=10614"}],"curies":[{"name":"wp","href":"https:\/\/api.w.org\/{rel}","templated":true}]}}