{"id":10542,"date":"2024-02-12T06:47:47","date_gmt":"2024-02-12T06:47:47","guid":{"rendered":"https:\/\/qiraatafrican.com\/fr\/?p=10542"},"modified":"2024-02-12T06:47:47","modified_gmt":"2024-02-12T06:47:47","slug":"la-cote-divoire-se-mobilise-pour-battre-le-nigeria-2-1-et-remporter-la-coupe-dafrique-des-nations","status":"publish","type":"post","link":"https:\/\/qiraatafrican.com\/fr\/10542\/la-cote-divoire-se-mobilise-pour-battre-le-nigeria-2-1-et-remporter-la-coupe-dafrique-des-nations\/","title":{"rendered":"La C\u00f4te d&rsquo;Ivoire se mobilise pour battre le Nigeria 2-1 et remporter la Coupe d&rsquo;Afrique des Nations"},"content":{"rendered":"<p><strong>S\u00e9bastien Haller a marqu\u00e9 tardivement pour mener la C\u00f4te d&rsquo;Ivoire, pays h\u00f4te, \u00e0 un remarquable titre de Coupe d&rsquo;Afrique des Nations avec une victoire 2-1 contre le Nigeria en finale dimanche.<\/strong><\/p>\n<p>Haller a tir\u00e9 \u00e0 bout portant \u00e0 la 81e minute pour compl\u00e9ter le redressement apr\u00e8s que Franck Kessi\u00e9 ait \u00e9galis\u00e9 pour les \u00c9l\u00e9phants \u00e0 la 62e.<\/p>\n<p>Il s\u2019agit du troisi\u00e8me titre de la C\u00f4te d\u2019Ivoire apr\u00e8s les victoires de 1992 et 2015, toutes deux remport\u00e9es aux tirs au but.<\/p>\n<p>Le milieu de terrain ivoirien Max Gradel, aujourd&rsquo;hui \u00e2g\u00e9 de 36 ans, faisait partie de l&rsquo;\u00e9quipe championne de 2015.<\/p>\n<p>\u00ab\u00a0Repr\u00e9senter l&rsquo;\u00e9quipe nationale, c&rsquo;est tout, et avoir apport\u00e9 de la joie \u00e0 tous les Ivoiriens avec ce que j&rsquo;ai fait est encore plus incroyable\u00a0\u00bb, a d\u00e9clar\u00e9 Gradel dimanche. \u00ab\u00a0Peut-\u00eatre que je ne r\u00e9alise pas encore tout ce qui s&rsquo;est pass\u00e9 aujourd&rsquo;hui, il y a trop de choses dans ma t\u00eate, mais je pense que je vais prendre du temps pour m&rsquo;en rendre compte.<\/p>\n<p>\u00ab Le plus important c&rsquo;est que les Ivoiriens sont fiers de l&rsquo;\u00e9quipe et je pense qu&rsquo;ils le sont ce soir. Gagner la Coupe d\u2019Afrique ce soir, il n\u2019y a rien de mieux, rien de mieux.<\/p>\n<p>Le deuxi\u00e8me but de Haller en autant de matches apr\u00e8s s&rsquo;\u00eatre remis d&rsquo;une blessure \u00e0 la cheville qui l&rsquo;a emp\u00each\u00e9 de participer \u00e0 la phase de groupes constitue un triomphe personnel pour le joueur, un peu plus d&rsquo;un an apr\u00e8s son retour d&rsquo;un traitement contre le cancer.<\/p>\n<p>Le capitaine nig\u00e9rian William Troost-Ekong avait marqu\u00e9 \u00e0 la 38e contre le cours du jeu d&rsquo;une t\u00eate en corner. Les Super Eagles avaient \u00e9t\u00e9 domin\u00e9s en premi\u00e8re mi-temps et n&rsquo;\u00e9taient \u00e0 nouveau menac\u00e9s que dans une tentative d\u00e9sesp\u00e9r\u00e9e d&rsquo;\u00e9galiser apr\u00e8s le but de Haller.<\/p>\n<p>Troost-Ekong a \u00e9galement marqu\u00e9 lors de la derni\u00e8re rencontre des deux \u00e9quipes en phase de groupes pour la victoire 1-0 du Nigeria. Ce match n\u2019\u00e9tait que le d\u00e9but des ennuis des \u00c9l\u00e9phants puisque la C\u00f4te d\u2019Ivoire \u00e9tait presque \u00e9limin\u00e9e lors de son prochain match. Il a licenci\u00e9 son entra\u00eeneur mais a enregistr\u00e9 des victoires tardives contre le champion en titre le S\u00e9n\u00e9gal et le Mali en phase \u00e0 \u00e9limination directe, avant que Haller ne propulse l&rsquo;\u00e9quipe en finale avec le but vainqueur contre le Congo en demi-finale.<\/p>\n<p>La progression improbable de la C\u00f4te d&rsquo;Ivoire jusqu&rsquo;\u00e0 la phase \u00e0 \u00e9limination directe alors qu&rsquo;elle surmontait revers apr\u00e8s revers a convaincu de nombreux Ivoiriens fervents que Dieu \u00e9tait du c\u00f4t\u00e9 de l&rsquo;\u00e9quipe.<\/p>\n<p>\u00ab\u00a0C&rsquo;\u00e9tait un tournoi extraordinaire\u00a0\u00bb, a d\u00e9clar\u00e9 l&rsquo;entra\u00eeneur par int\u00e9rim Emerse Fa\u00e9, l&rsquo;ancien adjoint qui a pris la rel\u00e8ve \u00e0 l&rsquo;occasion de son 40e anniversaire.<\/p>\n<p>Le Nigeria a conc\u00e9d\u00e9 autant de buts en finale que lors de tous ses matchs pr\u00e9c\u00e9dents du tournoi. L&rsquo;entra\u00eeneur Jos\u00e9 Peseiro avait mis\u00e9 sur une d\u00e9fense m\u00e9diocre pour remporter ce qui aurait \u00e9t\u00e9 le quatri\u00e8me titre des Super Eagles.<\/p>\n<p>\u00ab\u00a0Nous avons jou\u00e9 un tournoi fantastique, mais aujourd&rsquo;hui la C\u00f4te d&rsquo;Ivoire a \u00e9t\u00e9 meilleure\u00a0\u00bb, a d\u00e9clar\u00e9 Peseiro. L&rsquo;entra\u00eeneur portugais a d\u00e9clar\u00e9 que la pression s&rsquo;\u00e9tait port\u00e9e sur ses joueurs et a f\u00e9licit\u00e9 l&rsquo;\u00e9quipe locale de n&rsquo;en avoir montr\u00e9 aucune.<\/p>\n<p>En finale, la pression ivoirienne a fini par payer lorsque la t\u00eate de Kessi\u00e9 sur le corner d&rsquo;Adingra a d\u00e9clench\u00e9 un tumulte de joie dans le stade Alassane Ouattara de 60 000 places. Kessi\u00e9 courut vers le coin et leva la main sur son front en signe de salut tandis que la mer d&rsquo;\u00e9ventails orange ondulait de joie.<\/p>\n<p>Un petit groupe de supporters nig\u00e9rians v\u00eatus de vert et blanc derri\u00e8re l&rsquo;un des buts avait eu du mal \u00e0 avoir un impact.<\/p>\n<p>Le vainqueur de Haller a d\u00e9clench\u00e9 des c\u00e9l\u00e9brations qui dureront toute la nuit \u00e0 Abidjan et dans le reste de ce pays de 27,5 millions d&rsquo;habitants.<\/p>\n<p>L&rsquo;enthousiasme montait depuis des jours dans le quartier d&rsquo;Adjam\u00e9, les rues \u00e9tant transform\u00e9es en zones de visionnage avec des tables et des chaises en plastique plac\u00e9es devant les \u00e9crans de t\u00e9l\u00e9vision, et des zones de supporters dans toute la ville diffusaient \u00e9galement le match.<\/p>\n<p>La circulation a \u00e9t\u00e9 ralentie sur des kilom\u00e8tres autour du stade quelques heures avant le coup d&rsquo;envoi, offrant ainsi aux vendeurs ambulants une client\u00e8le captive pour vendre des bouteilles d&rsquo;eau r\u00e9frig\u00e9r\u00e9es, des fruits, des collations, des drapeaux ivoiriens, des chapeaux, des perruques et des serviettes, des r\u00e9pliques de maillots des deux \u00e9quipes, et plus.<\/p>\n<p>Mais cela a caus\u00e9 des probl\u00e8mes au bus de l\u2019\u00e9quipe nig\u00e9riane pour se rendre au match. Les soldats arm\u00e9s ont fr\u00e9n\u00e9tiquement exhort\u00e9 les automobilistes bloqu\u00e9s \u00e0 l&rsquo;ext\u00e9rieur du stade \u00e0 s&rsquo;arr\u00eater pour que le bus et les agents de s\u00e9curit\u00e9 puissent passer.<\/p>\n<p>Les supporters ont d\u00fb abandonner les bus de banlieue \u00e0 l&rsquo;arr\u00eat pour se rendre au match \u00e0 pied.<\/p>\n","protected":false},"excerpt":{"rendered":"<p>S\u00e9bastien Haller a marqu\u00e9 tardivement pour mener la C\u00f4te d&rsquo;Ivoire, pays h\u00f4te, \u00e0 un remarquable titre de Coupe d&rsquo;Afrique des Nations avec une victoire 2-1 contre le Nigeria en finale dimanche.<\/p>\n","protected":false},"author":1,"featured_media":10543,"comment_status":"closed","ping_status":"closed","sticky":false,"template":"","format":"standard","meta":{"iawp_total_views":6,"jnews-multi-image_gallery":[],"jnews_single_post":{"source_name":"","source_url":"","via_name":"","via_url":"","override_template":"0","override":[{"template":"1","single_blog_custom":"","parallax":"1","fullscreen":"1","layout":"right-sidebar","sidebar":"default-sidebar","second_sidebar":"default-sidebar","sticky_sidebar":"1","share_position":"topbottom","share_float_style":"share-monocrhome","show_share_counter":"1","show_view_counter":"0","show_featured":"1","show_post_meta":"1","show_post_author":"0","show_post_author_image":"1","show_post_date":"1","post_date_format":"default","post_date_format_custom":"Y\/m\/d","show_post_category":"1","show_post_reading_time":"0","post_reading_time_wpm":"300","show_zoom_button":"0","zoom_button_out_step":"2","zoom_button_in_step":"3","show_post_tag":"1","show_prev_next_post":"0","show_popup_post":"0","number_popup_post":"1","show_author_box":"0","show_post_related":"1","show_inline_post_related":"1"}],"override_image_size":"0","image_override":[{"single_post_thumbnail_size":"crop-500","single_post_gallery_size":"crop-500"}],"trending_post":"0","trending_post_position":"meta","trending_post_label":"Trending","sponsored_post":"0","sponsored_post_label":"Sponsored by","sponsored_post_name":"","sponsored_post_url":"","sponsored_post_logo_enable":"0","sponsored_post_logo":"","sponsored_post_desc":"","disable_ad":"0"},"jnews_primary_category":{"id":"","hide":""},"jnews_social_meta":{"fb_title":"","fb_description":"","fb_image":"","twitter_title":"","twitter_description":"","twitter_image":""},"jnews_override_counter":{"override_view_counter":"0","view_counter_number":"0","override_share_counter":"0","share_counter_number":"0","override_like_counter":"0","like_counter_number":"0","override_dislike_counter":"0","dislike_counter_number":"0"},"footnotes":""},"categories":[126],"tags":[1418,1375,1506],"class_list":["post-10542","post","type-post","status-publish","format-standard","has-post-thumbnail","hentry","category-sport","tag-can-2023","tag-football-africain","tag-la-cote-divoire-remporte-la-can-2023"],"_links":{"self":[{"href":"https:\/\/qiraatafrican.com\/fr\/wp-json\/wp\/v2\/posts\/10542","targetHints":{"allow":["GET"]}}],"collection":[{"href":"https:\/\/qiraatafrican.com\/fr\/wp-json\/wp\/v2\/posts"}],"about":[{"href":"https:\/\/qiraatafrican.com\/fr\/wp-json\/wp\/v2\/types\/post"}],"author":[{"embeddable":true,"href":"https:\/\/qiraatafrican.com\/fr\/wp-json\/wp\/v2\/users\/1"}],"replies":[{"embeddable":true,"href":"https:\/\/qiraatafrican.com\/fr\/wp-json\/wp\/v2\/comments?post=10542"}],"version-history":[{"count":0,"href":"https:\/\/qiraatafrican.com\/fr\/wp-json\/wp\/v2\/posts\/10542\/revisions"}],"wp:featuredmedia":[{"embeddable":true,"href":"https:\/\/qiraatafrican.com\/fr\/wp-json\/wp\/v2\/media\/10543"}],"wp:attachment":[{"href":"https:\/\/qiraatafrican.com\/fr\/wp-json\/wp\/v2\/media?parent=10542"}],"wp:term":[{"taxonomy":"category","embeddable":true,"href":"https:\/\/qiraatafrican.com\/fr\/wp-json\/wp\/v2\/categories?post=10542"},{"taxonomy":"post_tag","embeddable":true,"href":"https:\/\/qiraatafrican.com\/fr\/wp-json\/wp\/v2\/tags?post=10542"}],"curies":[{"name":"wp","href":"https:\/\/api.w.org\/{rel}","templated":true}]}}