{"id":10536,"date":"2024-02-09T08:42:45","date_gmt":"2024-02-09T08:42:45","guid":{"rendered":"https:\/\/qiraatafrican.com\/fr\/?p=10536"},"modified":"2024-02-09T08:42:45","modified_gmt":"2024-02-09T08:42:45","slug":"le-conflit-au-moyen-orient-frappe-lafrique-et-les-analystes-examinent-les-impacts-de-la-sortie-des-etats-africains-de-la-cedeao","status":"publish","type":"post","link":"https:\/\/qiraatafrican.com\/fr\/10536\/le-conflit-au-moyen-orient-frappe-lafrique-et-les-analystes-examinent-les-impacts-de-la-sortie-des-etats-africains-de-la-cedeao\/","title":{"rendered":"Le conflit au Moyen-Orient frappe l\u2019Afrique et les analystes examinent les impacts de la sortie des \u00c9tats africains de la CEDEAO"},"content":{"rendered":"<p><strong>Le conflit au Moyen-Orient, aliment\u00e9 par les rebelles Houthis qui perturbent les routes maritimes de la mer Rouge, jette une longue ombre \u00e9conomique sur l\u2019Afrique.<\/strong><\/p>\n<p>Alors que la hausse des prix et les perturbations de la cha\u00eene d\u2019approvisionnement frappent des pays d\u00e9j\u00e0 sous le choc de la pand\u00e9mie, l\u2019urgence d\u2019une d\u00e9sescalade devient primordiale.<\/p>\n<p>Le rapport suivant explore l\u2019effet domino \u00e9conomique sur les \u00e9conomies africaines. Hafed Al-Ghwell, chercheur principal et directeur ex\u00e9cutif du SAIS Foreign Policy Institute de l&rsquo;Universit\u00e9 John Hopkins, nous a rejoint pour partager ses id\u00e9es.<\/p>\n<h2>Sortie du Mali, du Niger et du Burkina Faso de la CEDEAO : principales implications<\/h2>\n<p>Le Mali, le Niger et le Burkina Faso ont quitt\u00e9 la CEDEAO, invoquant leur m\u00e9contentement face \u00e0 l&rsquo;incapacit\u00e9 de l&rsquo;organisation \u00e0 renforcer la s\u00e9curit\u00e9 et la souverainet\u00e9. Ce d\u00e9part suscite des inqui\u00e9tudes quant aux d\u00e9fis \u00e9conomiques et constitue une menace importante pour la s\u00e9curit\u00e9 r\u00e9gionale.<\/p>\n<p>Aujourd\u2019hui, la n\u00e9cessit\u00e9 d\u2019une solution diplomatique pour \u00e9viter de nouvelles fractures au sein de cette communaut\u00e9 \u00e9conomique r\u00e9gionale est cruciale. Nous avons des avis d\u2019experts dans le rapport suivant.<\/p>\n<h2>Augmentation des \u00e9missions de m\u00e9thane \u00e0 travers l&rsquo;Afrique<\/h2>\n<p>Dans un contexte d\u2019augmentation inqui\u00e9tante des \u00e9missions de m\u00e9thane en Afrique, les experts appellent les dirigeants africains \u00e0 \u00e9tablir rapidement des obligations africaines de r\u00e9duction du m\u00e9thane. L\u2019urgence est soulign\u00e9e dans un rapport novateur, soulignant la n\u00e9cessit\u00e9 d\u2019un financement innovant. Voici un aper\u00e7u du rapport.<\/p>\n","protected":false},"excerpt":{"rendered":"<p>Le conflit au Moyen-Orient, aliment\u00e9 par les rebelles Houthis qui perturbent les routes maritimes de la mer Rouge, jette une longue ombre \u00e9conomique sur l\u2019Afrique.<\/p>\n","protected":false},"author":1,"featured_media":10537,"comment_status":"closed","ping_status":"closed","sticky":false,"template":"","format":"standard","meta":{"iawp_total_views":6,"jnews-multi-image_gallery":[],"jnews_single_post":{"source_name":"","source_url":"","via_name":"","via_url":"","override_template":"0","override":[{"template":"1","single_blog_custom":"","parallax":"1","fullscreen":"1","layout":"right-sidebar","sidebar":"default-sidebar","second_sidebar":"default-sidebar","sticky_sidebar":"1","share_position":"topbottom","share_float_style":"share-monocrhome","show_share_counter":"1","show_view_counter":"0","show_featured":"1","show_post_meta":"1","show_post_author":"0","show_post_author_image":"1","show_post_date":"1","post_date_format":"default","post_date_format_custom":"Y\/m\/d","show_post_category":"1","show_post_reading_time":"0","post_reading_time_wpm":"300","show_zoom_button":"0","zoom_button_out_step":"2","zoom_button_in_step":"3","show_post_tag":"1","show_prev_next_post":"0","show_popup_post":"0","number_popup_post":"1","show_author_box":"0","show_post_related":"1","show_inline_post_related":"1"}],"override_image_size":"0","image_override":[{"single_post_thumbnail_size":"crop-500","single_post_gallery_size":"crop-500"}],"trending_post":"0","trending_post_position":"meta","trending_post_label":"Trending","sponsored_post":"0","sponsored_post_label":"Sponsored by","sponsored_post_name":"","sponsored_post_url":"","sponsored_post_logo_enable":"0","sponsored_post_logo":"","sponsored_post_desc":"","disable_ad":"0"},"jnews_primary_category":{"id":"","hide":""},"jnews_social_meta":{"fb_title":"","fb_description":"","fb_image":"","twitter_title":"","twitter_description":"","twitter_image":""},"jnews_override_counter":{"override_view_counter":"0","view_counter_number":"0","override_share_counter":"0","share_counter_number":"0","override_like_counter":"0","like_counter_number":"0","override_dislike_counter":"0","dislike_counter_number":"0"},"footnotes":""},"categories":[2,16],"tags":[112,1263,1505],"class_list":["post-10536","post","type-post","status-publish","format-standard","has-post-thumbnail","hentry","category-actualites-africaines","category-economie-africaine","tag-cedeao","tag-economie-africaine","tag-le-conflit-au-moyen-orient"],"_links":{"self":[{"href":"https:\/\/qiraatafrican.com\/fr\/wp-json\/wp\/v2\/posts\/10536","targetHints":{"allow":["GET"]}}],"collection":[{"href":"https:\/\/qiraatafrican.com\/fr\/wp-json\/wp\/v2\/posts"}],"about":[{"href":"https:\/\/qiraatafrican.com\/fr\/wp-json\/wp\/v2\/types\/post"}],"author":[{"embeddable":true,"href":"https:\/\/qiraatafrican.com\/fr\/wp-json\/wp\/v2\/users\/1"}],"replies":[{"embeddable":true,"href":"https:\/\/qiraatafrican.com\/fr\/wp-json\/wp\/v2\/comments?post=10536"}],"version-history":[{"count":0,"href":"https:\/\/qiraatafrican.com\/fr\/wp-json\/wp\/v2\/posts\/10536\/revisions"}],"wp:featuredmedia":[{"embeddable":true,"href":"https:\/\/qiraatafrican.com\/fr\/wp-json\/wp\/v2\/media\/10537"}],"wp:attachment":[{"href":"https:\/\/qiraatafrican.com\/fr\/wp-json\/wp\/v2\/media?parent=10536"}],"wp:term":[{"taxonomy":"category","embeddable":true,"href":"https:\/\/qiraatafrican.com\/fr\/wp-json\/wp\/v2\/categories?post=10536"},{"taxonomy":"post_tag","embeddable":true,"href":"https:\/\/qiraatafrican.com\/fr\/wp-json\/wp\/v2\/tags?post=10536"}],"curies":[{"name":"wp","href":"https:\/\/api.w.org\/{rel}","templated":true}]}}