{"id":1031,"date":"2022-03-15T11:16:42","date_gmt":"2022-03-15T11:16:42","guid":{"rendered":"https:\/\/qiraatafrican.com\/fr\/?p=1031"},"modified":"2022-03-15T11:16:42","modified_gmt":"2022-03-15T11:16:42","slug":"un-appel-a-la-reconnaissance-internationale-du-somaliland","status":"publish","type":"post","link":"https:\/\/qiraatafrican.com\/fr\/1031\/un-appel-a-la-reconnaissance-internationale-du-somaliland\/","title":{"rendered":"Un Appel A La Reconnaissance Internationale Du Somaliland"},"content":{"rendered":"<p>Le chef de la r\u00e9gion semi-autonome du Somaliland a appel\u00e9 la communaut\u00e9 internationale \u00e0 reconna\u00eetre l&rsquo;ind\u00e9pendance de la r\u00e9gion.<\/p>\n<p>S&rsquo;exprimant lundi \u00e0 Washington, Musa Bihi Abdi a soulign\u00e9 que les n\u00e9gociations avec la Somalie avaient \u00e9chou\u00e9 et qu&rsquo;il poursuivrait ses efforts en vue d&rsquo;une reconnaissance internationale.<\/p>\n<p>Bien que non reconnu, le Somaliland a maintenu son propre gouvernement ind\u00e9pendant, sa monnaie et son syst\u00e8me de s\u00e9curit\u00e9 depuis sa s\u00e9paration de la Somalie en 1991.<\/p>\n<p>La r\u00e9gion a largement r\u00e9ussi \u00e0 organiser des \u00e9lections r\u00e9guli\u00e8res au fil des ans, y compris les \u00e9lections l\u00e9gislatives de l&rsquo;ann\u00e9e derni\u00e8re qui ont encore soulign\u00e9 l&rsquo;incapacit\u00e9 de la Somalie \u00e0 lutter contre l&rsquo;extr\u00e9misme.<\/p>\n<p>Musa Bihi Abdi a \u00e9t\u00e9 \u00e9lu pr\u00e9sident du Somaliland en 2017.<\/p>\n<p>La Somalie consid\u00e8re toujours le Somaliland comme faisant partie de son territoire. Depuis 2012, plusieurs s\u00e9ries de pourparlers sur une \u00e9ventuelle unification n&rsquo;ont pas abouti \u00e0 une perc\u00e9e.<\/p>\n","protected":false},"excerpt":{"rendered":"<p>Le chef de la r\u00e9gion semi-autonome du Somaliland a appel\u00e9 la communaut\u00e9 internationale \u00e0 reconna\u00eetre l&rsquo;ind\u00e9pendance de la r\u00e9gion. S&rsquo;exprimant lundi \u00e0 Washington, Musa Bihi Abdi a soulign\u00e9 que les n\u00e9gociations avec la Somalie avaient \u00e9chou\u00e9 et qu&rsquo;il poursuivrait ses efforts en vue d&rsquo;une reconnaissance internationale. Bien que non reconnu, le Somaliland a maintenu son [&hellip;]<\/p>\n","protected":false},"author":1,"featured_media":0,"comment_status":"open","ping_status":"open","sticky":false,"template":"","format":"standard","meta":{"iawp_total_views":1,"jnews-multi-image_gallery":[],"jnews_single_post":{"source_name":"Africanews","source_url":"","via_name":"","via_url":"","override_template":"0","override":[{"template":"1","single_blog_custom":"","parallax":"1","fullscreen":"1","layout":"right-sidebar","sidebar":"default-sidebar","second_sidebar":"default-sidebar","sticky_sidebar":"1","share_position":"top","share_float_style":"share-monocrhome","show_share_counter":"1","show_view_counter":"1","show_featured":"1","show_post_meta":"1","show_post_author":"1","show_post_author_image":"1","show_post_date":"1","post_date_format":"default","post_date_format_custom":"Y\/m\/d","show_post_category":"1","show_post_reading_time":"0","post_reading_time_wpm":"300","show_zoom_button":"0","zoom_button_out_step":"2","zoom_button_in_step":"3","show_post_tag":"1","show_prev_next_post":"1","show_popup_post":"1","number_popup_post":"1","show_author_box":"0","show_post_related":"0","show_inline_post_related":"0"}],"override_image_size":"0","image_override":[{"single_post_thumbnail_size":"crop-500","single_post_gallery_size":"crop-500"}],"trending_post":"0","trending_post_position":"meta","trending_post_label":"Trending","sponsored_post":"0","sponsored_post_label":"Sponsored by","sponsored_post_name":"","sponsored_post_url":"","sponsored_post_logo_enable":"0","sponsored_post_logo":"","sponsored_post_desc":"","disable_ad":"0"},"jnews_primary_category":{"id":"5"},"jnews_social_meta":{"fb_title":"","fb_description":"","fb_image":"","twitter_title":"","twitter_description":"","twitter_image":""},"jnews_override_counter":{"override_view_counter":"0","view_counter_number":"0","override_share_counter":"0","share_counter_number":"0","override_like_counter":"0","like_counter_number":"0","override_dislike_counter":"0","dislike_counter_number":"0"},"footnotes":""},"categories":[5,42],"tags":[364,365,363],"class_list":["post-1031","post","type-post","status-publish","format-standard","hentry","category-politique-africaine","category-afrique-de-lest","tag-reconnaissance-internationale","tag-region-semi-autonome","tag-somaliland"],"_links":{"self":[{"href":"https:\/\/qiraatafrican.com\/fr\/wp-json\/wp\/v2\/posts\/1031","targetHints":{"allow":["GET"]}}],"collection":[{"href":"https:\/\/qiraatafrican.com\/fr\/wp-json\/wp\/v2\/posts"}],"about":[{"href":"https:\/\/qiraatafrican.com\/fr\/wp-json\/wp\/v2\/types\/post"}],"author":[{"embeddable":true,"href":"https:\/\/qiraatafrican.com\/fr\/wp-json\/wp\/v2\/users\/1"}],"replies":[{"embeddable":true,"href":"https:\/\/qiraatafrican.com\/fr\/wp-json\/wp\/v2\/comments?post=1031"}],"version-history":[{"count":0,"href":"https:\/\/qiraatafrican.com\/fr\/wp-json\/wp\/v2\/posts\/1031\/revisions"}],"wp:attachment":[{"href":"https:\/\/qiraatafrican.com\/fr\/wp-json\/wp\/v2\/media?parent=1031"}],"wp:term":[{"taxonomy":"category","embeddable":true,"href":"https:\/\/qiraatafrican.com\/fr\/wp-json\/wp\/v2\/categories?post=1031"},{"taxonomy":"post_tag","embeddable":true,"href":"https:\/\/qiraatafrican.com\/fr\/wp-json\/wp\/v2\/tags?post=1031"}],"curies":[{"name":"wp","href":"https:\/\/api.w.org\/{rel}","templated":true}]}}