{"id":10098,"date":"2024-01-03T08:33:41","date_gmt":"2024-01-03T08:33:41","guid":{"rendered":"https:\/\/qiraatafrican.com\/fr\/?p=10098"},"modified":"2024-01-03T08:33:41","modified_gmt":"2024-01-03T08:33:41","slug":"le-gouvernement-du-burkina-faso-refute-les-preoccupations-de-la-cedeao-et-affirme-son-engagement-en-faveur-de-la-securite","status":"publish","type":"post","link":"https:\/\/qiraatafrican.com\/fr\/10098\/le-gouvernement-du-burkina-faso-refute-les-preoccupations-de-la-cedeao-et-affirme-son-engagement-en-faveur-de-la-securite\/","title":{"rendered":"Le gouvernement du Burkina Faso r\u00e9fute les pr\u00e9occupations de la CEDEAO et affirme son engagement en faveur de la s\u00e9curit\u00e9"},"content":{"rendered":"<p><strong>En r\u00e9ponse \u00e0 la r\u00e9cente d\u00e9claration de la Commission de la CEDEAO exprimant son inqui\u00e9tude face \u00e0 la \u00ab d\u00e9t\u00e9rioration de la situation s\u00e9curitaire \u00bb au Burkina Faso, le gouvernement de transition a r\u00e9solument abord\u00e9 les questions soulev\u00e9es.<\/strong><\/p>\n<p>S&rsquo;\u00e9tonnant de ce qu&rsquo;il per\u00e7oit comme une interpr\u00e9tation biais\u00e9e de la situation s\u00e9curitaire, le gouvernement a soulign\u00e9 les victoires ind\u00e9niables remport\u00e9es par les forces burkinab\u00e8 dans la reconqu\u00eate du territoire national et les efforts en cours contre les groupes terroristes. Malgr\u00e9 ces succ\u00e8s, il affirme que la perspective de la Commission de la CEDEAO semble biais\u00e9e.<\/p>\n<p>La Commission de la CEDEAO a accus\u00e9 les autorit\u00e9s de transition de se livrer \u00e0 des actions r\u00e9pressives, notamment l&rsquo;arrestation de personnalit\u00e9s politiques et de la soci\u00e9t\u00e9 civile et une pr\u00e9tendue \u00ab proc\u00e9dure de r\u00e9quisition ill\u00e9gale et arbitraire \u00bb supprimant la libert\u00e9 d&rsquo;expression. Le gouvernement burkinab\u00e8 r\u00e9fute fermement ces all\u00e9gations, affirmant son adh\u00e9sion aux proc\u00e9dures l\u00e9gales en mati\u00e8re de lutte contre le terrorisme.<\/p>\n<p>Exprimant sa consternation face au silence de la Commission de la CEDEAO sur des questions cruciales dans la lutte contre le terrorisme, telles que le paiement des ran\u00e7ons et les massacres tragiques de citoyens de la CEDEAO, le gouvernement a critiqu\u00e9 ce qu&rsquo;il per\u00e7oit comme une complaisance de la Commission envers les pays qui soutiennent les terroristes.<\/p>\n<p>Le Gouvernement de Transition refuse de se laisser d\u00e9tourner par ce qu&rsquo;il consid\u00e8re comme des communications imaginatives et exhorte la Commission de la CEDEAO \u00e0 faire preuve de discernement dans l&rsquo;accomplissement de sa mission.<\/p>\n<p>Le gouvernement souligne son engagement \u00e0 relever les d\u00e9fis s\u00e9curitaires et humanitaires importants. Il appelle la Commission de la CEDEAO \u00e0 s&rsquo;aligner sur cette approche si elle est v\u00e9ritablement engag\u00e9e \u00e0 soutenir les efforts du Burkina Faso.<\/p>\n<p>En conclusion, le gouvernement burkinab\u00e9 remet en cause l&rsquo;engagement constant de la Commission de la CEDEAO et appelle au respect des choix du pays.<\/p>\n","protected":false},"excerpt":{"rendered":"<p>En r\u00e9ponse \u00e0 la r\u00e9cente d\u00e9claration de la Commission de la CEDEAO exprimant son inqui\u00e9tude face \u00e0 la \u00ab d\u00e9t\u00e9rioration de la situation s\u00e9curitaire \u00bb au Burkina Faso, le gouvernement de transition a r\u00e9solument abord\u00e9 les questions soulev\u00e9es.<\/p>\n","protected":false},"author":1,"featured_media":10099,"comment_status":"closed","ping_status":"closed","sticky":false,"template":"","format":"standard","meta":{"iawp_total_views":0,"jnews-multi-image_gallery":[],"jnews_single_post":{"source_name":"","source_url":"","via_name":"","via_url":"","override_template":"0","override":[{"template":"1","single_blog_custom":"","parallax":"1","fullscreen":"1","layout":"right-sidebar","sidebar":"default-sidebar","second_sidebar":"default-sidebar","sticky_sidebar":"1","share_position":"topbottom","share_float_style":"share-monocrhome","show_share_counter":"1","show_view_counter":"0","show_featured":"1","show_post_meta":"1","show_post_author":"0","show_post_author_image":"1","show_post_date":"1","post_date_format":"default","post_date_format_custom":"Y\/m\/d","show_post_category":"1","show_post_reading_time":"0","post_reading_time_wpm":"300","show_zoom_button":"0","zoom_button_out_step":"2","zoom_button_in_step":"3","show_post_tag":"1","show_prev_next_post":"0","show_popup_post":"0","number_popup_post":"1","show_author_box":"0","show_post_related":"1","show_inline_post_related":"1"}],"override_image_size":"0","image_override":[{"single_post_thumbnail_size":"crop-500","single_post_gallery_size":"crop-500"}],"trending_post":"0","trending_post_position":"meta","trending_post_label":"Trending","sponsored_post":"0","sponsored_post_label":"Sponsored by","sponsored_post_name":"","sponsored_post_url":"","sponsored_post_logo_enable":"0","sponsored_post_logo":"","sponsored_post_desc":"","disable_ad":"0"},"jnews_primary_category":{"id":"","hide":""},"jnews_social_meta":{"fb_title":"","fb_description":"","fb_image":"","twitter_title":"","twitter_description":"","twitter_image":""},"jnews_override_counter":{"override_view_counter":"0","view_counter_number":"0","override_share_counter":"0","share_counter_number":"0","override_like_counter":"0","like_counter_number":"0","override_dislike_counter":"0","dislike_counter_number":"0"},"footnotes":""},"categories":[2,8],"tags":[115,112,1344],"class_list":["post-10098","post","type-post","status-publish","format-standard","has-post-thumbnail","hentry","category-actualites-africaines","category-societe-africaine","tag-burkina-faso","tag-cedeao","tag-conseil-militaire-de-transition"],"_links":{"self":[{"href":"https:\/\/qiraatafrican.com\/fr\/wp-json\/wp\/v2\/posts\/10098","targetHints":{"allow":["GET"]}}],"collection":[{"href":"https:\/\/qiraatafrican.com\/fr\/wp-json\/wp\/v2\/posts"}],"about":[{"href":"https:\/\/qiraatafrican.com\/fr\/wp-json\/wp\/v2\/types\/post"}],"author":[{"embeddable":true,"href":"https:\/\/qiraatafrican.com\/fr\/wp-json\/wp\/v2\/users\/1"}],"replies":[{"embeddable":true,"href":"https:\/\/qiraatafrican.com\/fr\/wp-json\/wp\/v2\/comments?post=10098"}],"version-history":[{"count":0,"href":"https:\/\/qiraatafrican.com\/fr\/wp-json\/wp\/v2\/posts\/10098\/revisions"}],"wp:featuredmedia":[{"embeddable":true,"href":"https:\/\/qiraatafrican.com\/fr\/wp-json\/wp\/v2\/media\/10099"}],"wp:attachment":[{"href":"https:\/\/qiraatafrican.com\/fr\/wp-json\/wp\/v2\/media?parent=10098"}],"wp:term":[{"taxonomy":"category","embeddable":true,"href":"https:\/\/qiraatafrican.com\/fr\/wp-json\/wp\/v2\/categories?post=10098"},{"taxonomy":"post_tag","embeddable":true,"href":"https:\/\/qiraatafrican.com\/fr\/wp-json\/wp\/v2\/tags?post=10098"}],"curies":[{"name":"wp","href":"https:\/\/api.w.org\/{rel}","templated":true}]}}