{"id":1008,"date":"2022-03-15T00:00:23","date_gmt":"2022-03-15T00:00:23","guid":{"rendered":"https:\/\/qiraatafrican.com\/fr\/?p=1008"},"modified":"2024-01-01T11:04:12","modified_gmt":"2024-01-01T11:04:12","slug":"les-impacts-du-coup-detat-militaire-en-guinee-sur-son-economie-et-ses-relations-sous-regionales","status":"publish","type":"post","link":"https:\/\/qiraatafrican.com\/fr\/1008\/les-impacts-du-coup-detat-militaire-en-guinee-sur-son-economie-et-ses-relations-sous-regionales\/","title":{"rendered":"Les Impacts du Coup d&rsquo;Etat Militaire en Guinee Sur Son Economie et Ses Relations Sous-Regionales"},"content":{"rendered":"<div class=\"intro-text\">\n<p style=\"text-align: justify;\"><span class=\"dropcap shadow\" style=\"background-color: #ffffff; color: #000000; border-color: #ffffff;\">C<\/span>et article abordera le coup d&rsquo;\u00c9tat militaire en Guin\u00e9e, ce qui affecte son \u00e9conomie, ses relations avec les organisations sous-r\u00e9gionales, et plus sur son avenir par la voie internationale.<\/p>\n<\/div>\n<p style=\"text-align: justify;\">La R\u00e9publique de Guin\u00e9e est un pays d&rsquo;Afrique de l&rsquo;Ouest qui compte environ 13 millions d&rsquo;habitants et dont la superficie est de 245 857 km2. Elle est compos\u00e9e de quatre grandes r\u00e9gions naturelles, \u00e0 savoir : La Haute Guin\u00e9e, la Basse Guin\u00e9e, la Moyenne Guin\u00e9e et la Guin\u00e9e foresti\u00e8re. Le pays est tr\u00e8s riche en termes de ressources naturelles du sol et du sous-sol mais souffre encore des cons\u00e9quences de la corruption, de la mauvaise gestion financi\u00e8re et de l&rsquo;impunit\u00e9, etc.<\/p>\n<p style=\"text-align: justify;\">Le pays dirig\u00e9 par le pr\u00e9sident <em>Alpha Cond\u00e9<\/em> depuis 2009, a connu de nombreuses r\u00e9formes notamment dans les domaines \u00e9conomique, diplomatique, infrastructurel, militaire et \u00e9lectrique. Malgr\u00e9 ces r\u00e9formes dans les domaines ci-dessous, la corruption, l&rsquo;impunit\u00e9 et la mauvaise gestion financi\u00e8re \u00e9taient toujours \u00e0 l&rsquo;ordre du jour. Les d\u00e9tournements de fonds publics \u00e9taient monnaie courante, tant de la part des ministres que des directeurs g\u00e9n\u00e9raux \u00e0 tous les niveaux.<\/p>\n<p style=\"text-align: justify;\">Le pr\u00e9sident, victime de son grand \u00e2ge, n&rsquo;avait plus le contr\u00f4le de l&rsquo;appareil ex\u00e9cutif et judiciaire. Cette situation indigne a suscit\u00e9 la col\u00e8re de la population \u00e0 tous les niveaux entra\u00eenant des soul\u00e8vements populaires, c&rsquo;est-\u00e0-dire des gr\u00e8ves des enseignants pour une augmentation des salaires, des gr\u00e8ves politiques pour d\u00e9noncer leur m\u00e9contentement par rapport aux d\u00e9tournements publics.<\/p>\n<p style=\"text-align: justify;\">D&rsquo;ailleurs, ces mouvements populaires de lutte contre les maux dont souffrait le pays n&rsquo;apporteront malheureusement rien comme solution jusqu&rsquo;au 5 septembre. Ainsi, dans la nuit du 4 au 5 septembre 2021, le groupe de forces sp\u00e9ciales dirig\u00e9 par le lieutenant-colonel <a href=\"https:\/\/fr.wikipedia.org\/wiki\/Mamadi_Doumbouya#:~:text=Mamadi%20Doumbouya%20en%202021.&amp;text=Mamadi%20Doumbouya%2C%20aussi%20orthographi%C3%A9%20Mamady,grade%20de%20colonel%20en%202020.\" target=\"_blank\" rel=\"noopener\"><strong>MAMADI DOUMBOUYA<\/strong><\/a> renverse le pr\u00e9sident Alpha Cond\u00e9 pour son silence face au comportement indigne de ces cadres malhonn\u00eates.<\/p>\n<p style=\"text-align: justify;\">Il est important de noter que cette prise de pouvoir du Comit\u00e9 National du Rassemblement pour le D\u00e9veloppement a chang\u00e9 beaucoup de choses dans la gestion de l&rsquo;appareil \u00e9tatique, notamment dans l&rsquo;acc\u00e9l\u00e9ration des infrastructures d\u00e9j\u00e0 n\u00e9goci\u00e9es par le pr\u00e9sident d\u00e9\u00e7u. Au vu du rythme des putschistes, peut-on conclure qu&rsquo;il s&rsquo;agit de la r\u00e9alisation des pr\u00e9monitions du premier pr\u00e9sident Ahmed S\u00e9kou Tour\u00e9 ou les Guin\u00e9ens sont-ils tomb\u00e9s de Charybde en Scylla?<\/p>\n<p style=\"text-align: justify;\">Pour cela, une analyse approfondie de la situation sera plus que n\u00e9cessaire pour orienter les guin\u00e9ens sur les cons\u00e9quences possibles de ce coup d&rsquo;\u00e9tat militaire sur nos diff\u00e9rents secteurs d&rsquo;activit\u00e9s.<\/p>\n<h2>Qui sont les \u00e9l\u00e9ments du groupement des forces sp\u00e9ciales et pourquoi ce coup d&rsquo;\u00e9tat?<\/h2>\n<p style=\"text-align: justify;\">Le <a href=\"https:\/\/qiraatafrican.com\/fr\/\/fr\/2021\/09\/06\/guinee-qui-est-le-chef-des-putschistes-de-conakry\/\" target=\"_blank\" rel=\"noopener\">groupement de forces sp\u00e9ciales<\/a> cr\u00e9\u00e9 par le pr\u00e9sident d\u00e9\u00e7u lui-m\u00eame en 2018 avait pour objectif de prot\u00e9ger la Guin\u00e9e contre les menaces terroristes dans la sous-r\u00e9gion, mais aussi d&rsquo;assurer une intervention rapide partout o\u00f9 cela est n\u00e9cessaire sur l&rsquo;ensemble du territoire national.<\/p>\n<p style=\"text-align: justify;\">La premi\u00e8re sortie des forces sp\u00e9ciales a \u00e9t\u00e9 appr\u00e9ci\u00e9e de tous, lors de la c\u00e9l\u00e9bration de l&rsquo;an 60 de la r\u00e9publique de Guin\u00e9e au stade du 28 septembre en pr\u00e9sence de plusieurs invit\u00e9s sp\u00e9ciaux venus de toute l&rsquo;Afrique. On a \u00e9galement not\u00e9 une ovation sans pr\u00e9c\u00e9dent de la population, donnant une certaine autonomie et c\u00e9l\u00e9brit\u00e9 au groupement des forces sp\u00e9ciales d&rsquo;une part, et d&rsquo;autre part, un soutien extraordinaire du pr\u00e9sident envers le groupe.<\/p>\n<p style=\"text-align: justify;\">Le groupe, devenu intouchable, \u00e9tait presque d\u00e9tach\u00e9 du minist\u00e8re de la d\u00e9fense, dirig\u00e9 \u00e0 l&rsquo;\u00e9poque par Mohamed Diane (un maillon fort de la cha\u00eene de commandement du pr\u00e9sident Cond\u00e9), et rattach\u00e9 directement \u00e0 la pr\u00e9sidence de la r\u00e9publique. Malgr\u00e9 la frustration du ministre de la d\u00e9fense face au degr\u00e9 d&rsquo;ind\u00e9pendance accord\u00e9 \u00e0 la force sp\u00e9ciale, le pr\u00e9sident est rest\u00e9 ferme sur sa position et a continu\u00e9 \u00e0 \u00e9quiper le groupement des forces sp\u00e9ciales avec les armes de derni\u00e8re g\u00e9n\u00e9ration.\u00a0 En outre, au cours des mois pr\u00e9c\u00e9dant septembre 2021, plusieurs diff\u00e9rends ont oppos\u00e9 le ministre de la D\u00e9fense au chef du groupement des forces sp\u00e9ciales, diff\u00e9rends qui ont conduit le ministre de la D\u00e9fense \u00e0 ordonner au chef d&rsquo;\u00e9tat-major de l&rsquo;arm\u00e9e d&rsquo;\u00e9carter (\u00e9liminer) le lieutenant-colonel Mamadi Doumbouya.<\/p>\n<p style=\"text-align: justify;\">Ainsi, le chef de l&rsquo;\u00e9tat, le g\u00e9n\u00e9ral Namory, n&rsquo;appr\u00e9ciant pas l&rsquo;ordre de son sup\u00e9rieur a inform\u00e9 son bon petit Mamadou Doumbouya des menaces et l&rsquo;a exhort\u00e9 \u00e0 faire le premier pas pour non seulement prot\u00e9ger sa vie mais aussi pour mettre fin au cauchemar du ministre des d\u00e9penses de s&#8217;emparer du pouvoir au cas o\u00f9 le pr\u00e9sident Cond\u00e9 ne survivrait pas \u00e0 sa maladie de cancer de la prostate d&rsquo;un \u00e9tat tr\u00e8s avanc\u00e9.<\/p>\n<p style=\"text-align: justify;\">Ainsi, comme on aime souvent dire qu&rsquo;un homme averti en vaut deux, le lieutenant-colonel Doumbouya dans la nuit du 4 au 5 septembre a renvers\u00e9 le pr\u00e9sident Cond\u00e9 et est devenu l&rsquo;auteur du premier coup d&rsquo;\u00e9tat r\u00e9ussi de l&rsquo;histoire du pays. Un coup d&rsquo;\u00e9tat appr\u00e9ci\u00e9 par l&rsquo;opposition et d\u00e9nonc\u00e9 par la mouvance a fait l&rsquo;objet de plusieurs d\u00e9clarations au sein de la cha\u00eene politique guin\u00e9enne.<\/p>\n<h2>Qui est r\u00e9ellement le lieutenant-colonel Mamadi Doumbouya et quels sont les membres influents du groupement des forces sp\u00e9ciales?<\/h2>\n<p style=\"text-align: justify;\">Le Lieutenant-Colonel Mamadi Doumbouya est n\u00e9 le 4 mars 1980 \u00e0 Kankan, deuxi\u00e8me ville du pays et \u00e9galement capitale de la Haute Guin\u00e9e. Mamadi Doumbouya, affectueusement appel\u00e9 Laye Mady, est un produit de l&rsquo;\u00e9cole primaire Drame Oumar de Kankan.<\/p>\n<p style=\"text-align: justify;\">Ancien stagiaire de l&rsquo;\u00e9cole de guerre en France, Mamadi Doumbouya, est titulaire d&rsquo;un brevet fran\u00e7ais d&rsquo;\u00e9tudes militaires sup\u00e9rieures et d&rsquo;une ma\u00eetrise de d\u00e9fense de l&rsquo;universit\u00e9 parisienne Panth\u00e9on-Assas. Il est aussi titulaire d&rsquo;un dipl\u00f4me de Saumur dans le cadre de la coop\u00e9ration entre la France et les Etats africains partenaires pour la formation des officiers.<\/p>\n<blockquote class=\"pullquote align-right\">\n<p style=\"text-align: justify;\">En outre, le nouvel homme fort guin\u00e9en est d\u00e9tenteur de plusieurs certificats obtenus lors de formations au <strong>S\u00e9n\u00e9gal<\/strong>, au <strong>Gabon<\/strong> et en <strong>Isra\u00ebl<\/strong> et a particip\u00e9 \u00e0 des missions et op\u00e9rations \u00e0 l&rsquo;Ecole de guerre en <strong>France<\/strong>, en <strong>Afghanistan<\/strong>, en <strong>C\u00f4te d&rsquo;Ivoire<\/strong>, \u00e0 Djibouti, en <strong>R\u00e9publique centrafricaine<\/strong>, en Isra\u00ebl, \u00e0 Chypre et au Royaume-Uni.<\/p>\n<\/blockquote>\n<p style=\"text-align: justify;\">En 2009, le colosse guin\u00e9en, Mamadi Doumbouya, termine son contrat avec la l\u00e9gion fran\u00e7aise au grade de caporal-chef et se voit alors confier le commandement du groupe de forces sp\u00e9ciales cr\u00e9\u00e9 en 2018 par le pr\u00e9sident d\u00e9\u00e7u pour d\u00e9fendre la Guin\u00e9e contre une \u00e9ventuelle attaque terroriste.<\/p>\n<p style=\"text-align: justify;\">De plus, le groupement original des forces sp\u00e9ciales ne comptait pas beaucoup d&rsquo;hommes influents et connus du public comme Mamadi Doumbouya en raison de leur code vestimentaire. Leur \u00e9thique vestimentaire rendait impossible l&rsquo;identification de leurs visages bris\u00e9s par la capuche, mais tout ce qui est s\u00fbr, c&rsquo;est que les \u00e9l\u00e9ments avaient plus ou moins les m\u00eames caract\u00e9ristiques, ce qui en faisait une force d&rsquo;\u00e9lite redoutable et f\u00e9roce \u00e0 tous les niveaux.<\/p>\n<p style=\"text-align: justify;\">Cependant, c&rsquo;est au lendemain du renversement du pr\u00e9sident Cond\u00e9 qu&rsquo;est cr\u00e9\u00e9 le Conseil national du rassemblement et du d\u00e9veloppement. Cette fois, un conseil compos\u00e9 de plusieurs officiers sup\u00e9rieurs de l&rsquo;arm\u00e9e. Ainsi, \u00e9tant donn\u00e9 la confidentialit\u00e9 du CNRD par rapport \u00e0 ses membres, il serait imprudent de se risquer \u00e0 une description pr\u00e9cise de ses membres, mais il est important de noter que certaines figures ne taisent pas leur statut au sein du CNRD.<\/p>\n<p style=\"text-align: justify;\">Parmi ces personnalit\u00e9s, on peut citer le colonel Amara Camara, ancien directeur de l&rsquo;Ecole Militaire Inter Arm\u00e9e (EMIA), une \u00e9cole de formation d&rsquo;officiers o\u00f9 sont pass\u00e9s presque tous les officiers guin\u00e9ens. Il y a aussi le colonel Balla Samoura, le commandant de la gendarmerie nationale, en remplacement du g\u00e9n\u00e9ral Balde.<\/p>\n<figure id=\"attachment_1021\" aria-describedby=\"caption-attachment-1021\" style=\"width: 943px\" class=\"wp-caption aligncenter\"><img decoding=\"async\" class=\"wp-image-1021 size-full\" src=\"https:\/\/qiraatafrican.com\/fr\/\/fr\/wp-content\/uploads\/2022\/03\/Les-Impacts-du-Coup-dEtat-Militaire-en-Guinee-Sur-Son-Economie-et-Ses-Relations-Sous-Regionales-2-e1647283294235.webp\" alt=\"Les Impacts du Coup d'Etat Militaire en Guinee Sur Son Economie et Ses Relations Sous-Regionales 2\" width=\"943\" height=\"516\" \/><figcaption id=\"caption-attachment-1021\" class=\"wp-caption-text\">Un d\u00e9fil\u00e9 militaire des forces sp\u00e9ciales guin\u00e9ennes devant le pr\u00e9sident Alpha Cond\u00e9 et d&rsquo;autres chefs d&rsquo;\u00c9tat \u00e9trangers au Grand Stade le 28 septembre 2018, marquant le 60e anniversaire de l&rsquo;ind\u00e9pendance nationale | Cr\u00e9dit image: DIRPA<\/figcaption><\/figure>\n<h3 style=\"text-align: justify;\">Impact du coup d\u2019etat sur l\u2019economie du pays<\/h3>\n<p style=\"text-align: justify;\">Apr\u00e8s l&rsquo;arriv\u00e9e au pouvoir du CNRD et de son pr\u00e9sident, le lieutenant-colonel Mamadi Doumbouya, de nombreux changements sont intervenus dans l&rsquo;appareil d&rsquo;Etat, donnant la chance \u00e0 de nombreux jeunes dipl\u00f4m\u00e9s d&rsquo;acc\u00e9der \u00e0 des postes de responsabilit\u00e9, notamment dans les minist\u00e8res et dans les d\u00e9partements nationaux. Par ailleurs, une avanc\u00e9e significative a \u00e9galement \u00e9t\u00e9 constat\u00e9e dans les travaux de bitumage des voiries et d&rsquo;\u00e9lectrification de la capitale-Conakry, ce qui est appr\u00e9ci\u00e9 de tous mais ce sourire n&rsquo;est pas observ\u00e9 lorsqu&rsquo;on parle du march\u00e9.<\/p>\n<p style=\"text-align: justify;\">Au march\u00e9, les prix des denr\u00e9es de base ont augment\u00e9 \u00e0 tous les niveaux, soulevant ainsi la col\u00e8re de la population pour d\u00e9noncer et aussi demander de l&rsquo;aide au pr\u00e9sident de la transition pour l&rsquo;am\u00e9lioration des conditions de vie de nos mamans \u00e0 travers les march\u00e9s guin\u00e9ens. Selon une sortie m\u00e9diatique du pr\u00e9sident de la transition, cette augmentation des prix du panier de la m\u00e9nag\u00e8re est due \u00e0 la mauvaise volont\u00e9 des commer\u00e7ants, ce qui provoque des p\u00e9nuries pour finalement b\u00e9n\u00e9ficier de l&rsquo;impact de la loi de la demande.<\/p>\n<p style=\"text-align: justify;\">Face \u00e0 cette situation indigne, le pr\u00e9sident assure la population de sa position pour une \u00e9radication imm\u00e9diate de la hausse g\u00e9n\u00e9ralis\u00e9e des prix des denr\u00e9es alimentaires sur le march\u00e9 et invite davantage tous les ministres \u00e0 s&rsquo;impliquer davantage dans le domaine de l&rsquo;agriculture pour enfin mettre fin aux \u00e9preuves et aux maux que subit la population, a-t-il martel\u00e9.<\/p>\n<h3 style=\"text-align: justify;\">Les relations de la Guin\u00e9e avec les pays de la sous-r\u00e9gion et au niveau international<\/h3>\n<p style=\"text-align: justify;\">Au lendemain du coup d&rsquo;Etat militaire en Guin\u00e9e, les pays de la sous-r\u00e9gion \u00e0 travers la Communaut\u00e9 \u00e9conomique des Etats de l&rsquo;Afrique de l&rsquo;Ouest (CEDEAO) ont condamn\u00e9 l&rsquo;acte avec la plus grande vigueur et multiplient les sanctions contre la Guin\u00e9e.\u00a0 Parmi ces sanctions, il est demand\u00e9 au nouvel homme fort du pays d&rsquo;organiser des \u00e9lections dans les 18 mois, ce qui reste pour l&rsquo;instant flou de la part de la junte militaire. Mais il est important de noter qu&rsquo;il y a eu des avanc\u00e9es majeures vers l&rsquo;organisation des \u00e9lections car le fameux Conseil National de la Transition est en place, un organe supr\u00eame dans ce domaine dirig\u00e9 par Dr Danssa Kant\u00e9.<\/p>\n<p style=\"text-align: justify;\">La position de la Guin\u00e9e au niveau international reste incertaine car le pays a \u00e9t\u00e9 retir\u00e9 de la liste des pays b\u00e9n\u00e9ficiant d&rsquo;avantages commerciaux avec les Etats-Unis d&rsquo;Am\u00e9rique, ce qui aura un impact important sur l&rsquo;acc\u00e8s du pays aux cr\u00e9dits accord\u00e9s par les institutions internationales telles que la Banque mondiale, la Banque africaine de d\u00e9veloppement, etc.<\/p>\n<p style=\"text-align: justify;\">Par ailleurs, \u00e0 notre grande surprise, et selon les informations de la t\u00e9l\u00e9vision nationale, la Guin\u00e9e a b\u00e9n\u00e9fici\u00e9 de la confiance du Fonds mon\u00e9taire international (FMI) quant au dynamisme du gouvernement de transition en mati\u00e8re de d\u00e9veloppement \u00e9conomique du pays.<\/p>\n<blockquote class=\"pullquote align-center\">\n<p style=\"text-align: center;\"><strong>Ce soutien du FMI va-t-il se poursuivre?<\/strong><\/p>\n<p style=\"text-align: center;\">Personne ne peut r\u00e9pondre avec certitude \u00e0 cette question, du moins pour le moment.<\/p>\n<\/blockquote>\n<p style=\"text-align: justify;\">En interne, il est important de noter qu&rsquo;il y a beaucoup de tensions entre la junte militaire et les partis politiques, notamment sur la question de l&rsquo;organisation d&rsquo;\u00e9lections transparentes et inclusives dans un d\u00e9lai court. Et le plus inqui\u00e9tant est que si un consensus n&rsquo;est pas trouv\u00e9, cela peut conduire \u00e0 des gr\u00e8ves interminables et atroces. Ainsi, pour \u00e9viter que le pire ne se reproduise, le Pr\u00e9sident Colonel Mamadou Doumbouya doit privil\u00e9gier le dialogue avec les partis politiques afin d&rsquo;avoir une p\u00e9riode de transition pacifique et sans effusion de sang.<\/p>\n<p>&nbsp;<\/p>\n<hr \/>\n<pre><span style=\"color: #ff0000;\"><strong>NOTE:<\/strong> Cet article\/blog exprime le point de vue et les opinions de l'auteur, et n'exprime pas n\u00e9cessairement les vues de Qiraat Africa et de ses \u00e9diteurs.<\/span><\/pre>\n","protected":false},"excerpt":{"rendered":"<p>Cet article abordera le coup d&rsquo;\u00c9tat militaire en Guin\u00e9e, ce qui affecte son \u00e9conomie, ses relations avec les organisations sous-r\u00e9gionales, et plus sur son avenir par la voie internationale. La R\u00e9publique de Guin\u00e9e est un pays d&rsquo;Afrique de l&rsquo;Ouest qui compte environ 13 millions d&rsquo;habitants et dont la superficie est de 245 857 km2. Elle [&hellip;]<\/p>\n","protected":false},"author":6,"featured_media":10068,"comment_status":"closed","ping_status":"closed","sticky":false,"template":"","format":"standard","meta":{"iawp_total_views":134,"jnews-multi-image_gallery":[],"jnews_single_post":{"source_name":"","source_url":"","via_name":"","via_url":"","override_template":"1","override":[{"template":"1","single_blog_custom":"","parallax":"1","fullscreen":"1","layout":"right-sidebar","sidebar":"default-sidebar","second_sidebar":"default-sidebar","sticky_sidebar":"1","share_position":"top","share_float_style":"share-monocrhome","show_share_counter":"1","show_view_counter":"1","show_featured":"1","show_post_meta":"1","show_post_author":"1","show_post_author_image":"1","show_post_date":"1","post_date_format":"default","post_date_format_custom":"Y\/m\/d","show_post_category":"1","show_post_reading_time":"0","post_reading_time_wpm":"300","show_zoom_button":"1","zoom_button_out_step":"3","zoom_button_in_step":"3","show_post_tag":"1","show_prev_next_post":"1","show_popup_post":"1","number_popup_post":"2","show_author_box":"1","show_post_related":"1","show_inline_post_related":"1"}],"override_image_size":"0","image_override":[{"single_post_thumbnail_size":"crop-500","single_post_gallery_size":"crop-500"}],"trending_post":"1","trending_post_position":"meta","trending_post_label":"Trending","sponsored_post":"0","sponsored_post_label":"Sponsored by","sponsored_post_name":"","sponsored_post_url":"","sponsored_post_logo_enable":"0","sponsored_post_logo":"","sponsored_post_desc":"","disable_ad":"0"},"jnews_primary_category":{"id":"47","hide":""},"jnews_social_meta":{"fb_title":"","fb_description":"","fb_image":"","twitter_title":"","twitter_description":"","twitter_image":""},"jnews_override_counter":{"override_view_counter":"0","view_counter_number":"0","override_share_counter":"0","share_counter_number":"0","override_like_counter":"0","like_counter_number":"0","override_dislike_counter":"0","dislike_counter_number":"0"},"footnotes":""},"categories":[5,44],"tags":[357,356,359,26,358],"class_list":["post-1008","post","type-post","status-publish","format-standard","has-post-thumbnail","hentry","category-politique-africaine","category-afrique-de-louest","tag-alpha-conde","tag-coup-detat-militaire","tag-forces-speciales","tag-guinee","tag-mamadi-doumbia"],"_links":{"self":[{"href":"https:\/\/qiraatafrican.com\/fr\/wp-json\/wp\/v2\/posts\/1008","targetHints":{"allow":["GET"]}}],"collection":[{"href":"https:\/\/qiraatafrican.com\/fr\/wp-json\/wp\/v2\/posts"}],"about":[{"href":"https:\/\/qiraatafrican.com\/fr\/wp-json\/wp\/v2\/types\/post"}],"author":[{"embeddable":true,"href":"https:\/\/qiraatafrican.com\/fr\/wp-json\/wp\/v2\/users\/6"}],"replies":[{"embeddable":true,"href":"https:\/\/qiraatafrican.com\/fr\/wp-json\/wp\/v2\/comments?post=1008"}],"version-history":[{"count":0,"href":"https:\/\/qiraatafrican.com\/fr\/wp-json\/wp\/v2\/posts\/1008\/revisions"}],"wp:featuredmedia":[{"embeddable":true,"href":"https:\/\/qiraatafrican.com\/fr\/wp-json\/wp\/v2\/media\/10068"}],"wp:attachment":[{"href":"https:\/\/qiraatafrican.com\/fr\/wp-json\/wp\/v2\/media?parent=1008"}],"wp:term":[{"taxonomy":"category","embeddable":true,"href":"https:\/\/qiraatafrican.com\/fr\/wp-json\/wp\/v2\/categories?post=1008"},{"taxonomy":"post_tag","embeddable":true,"href":"https:\/\/qiraatafrican.com\/fr\/wp-json\/wp\/v2\/tags?post=1008"}],"curies":[{"name":"wp","href":"https:\/\/api.w.org\/{rel}","templated":true}]}}