{"id":15925,"date":"2025-04-12T15:38:54","date_gmt":"2025-04-12T15:38:54","guid":{"rendered":"https:\/\/qiraatafrican.com\/en\/?p=15925"},"modified":"2025-04-12T15:43:20","modified_gmt":"2025-04-12T15:43:20","slug":"antonio-agostinho-neto-1922-1979-the-father-of-mothern-angola","status":"publish","type":"post","link":"https:\/\/qiraatafrican.com\/en\/15925\/antonio-agostinho-neto-1922-1979-the-father-of-mothern-angola\/","title":{"rendered":"Ant\u00f3nio Agostinho Neto (1922-1979), the &#8220;Father of Mothern Angola&#8221;"},"content":{"rendered":"<p>Ant\u00f3nio Agostinho Neto is an African liberation revolutionary and former President of Angola who led and won the Angolan war for independence. Not only was Neto a remarkable politician, but he was also a noted physician and famous poet.<\/p>\n<p>Neto was born on September 17, 1922, at Icolo e Bengo, Angola (then a Portuguese colony), to Agostinho Neto, a Methodist minister, and his wife, Maria da Silva, a school teacher. He had been assimilated into Portuguese colonial society by gaining a school education at a Methodist mission station where his father was the minister, and he proceeded to university studies in Lisbon.<\/p>\n<p>There his radical politics fell foul of the dictatorial police, and after a spell in prison he escaped, via London, to become an itinerant political exile in Africa. There he became a guerrilla commander leading small bands of soldiers who fought against both a Portuguese conscript army and rival political movements seeking independence for Angola.<\/p>\n<p>Neto initially gained recognition in 1948, when he published a collection of poems in Luanda and joined a national cultural movement aiming at &#8220;rediscovering&#8221; indigenous Angolan culture (similar to the Negritude movement in French-speaking African nations). His first of several political arrests occurred shortly afterward in Lisbon, where he had gone to study medicine.<\/p>\n<p>Neto moved back home as a doctor in 1959 but was arrested in front of his patients on 8 June 1960 for his outspoken resistance to colonial authority. His patients and supporters marched for his release from Bengo to Catete but were stopped when Portuguese soldiers shot at them, killing 30 and wounding 200 in what became known as the Massacre of \u00cdcolo e Bengo.<\/p>\n<p>At first Portugal&#8217;s government exiled Neto to Cape Verde. Then, once more, he was sent to jail in Lisbon. After international protests were made to Salazar&#8217;s administration urging Neto&#8217;s release, Neto was freed from prison and put under house arrest. From this he escaped, going first to Morocco and then to Congo-L\u00e9opoldville.<\/p>\n<p>In 1974 the Portuguese colonial empire imploded, and Neto found himself leader of the largest nationalist movement in Luanda, the Movement for the Popular Liberation of Angola (Movimento Popular de Liberta\u00e7\u00e3o de Angola; MPLA). On November 11, 1975, he became Angola\u2019s president as the last Portuguese governor-general sailed away on a gunboat under cover of darkness.<\/p>\n<p>In this capacity as Angola\u2019s first president, Neto established the groundwork for the newly independent state, managing the intricacies of postcolonial nation-building and the beginning of a long-running civil conflict. His goal for Angola included not only political independence but also social fairness and economic growth.<\/p>\n<p>Agostinho Neto also participated in the constitutive conference of the Organization of African Unity (OAU), currently the African Union (AU), held in Brazzaville, and later in other events such as those in Paris, Geneva, and the World Congress of Peace and ILO, among others.<\/p>\n<p>However, Neto\u2019s four years in the presidential palace were not happy ones. Rival political movements not only challenged his legitimacy but also made unholy military alliances with South Africa, Congo, and the United States. He also alienated his domestic constituents, and when they attempted a coup d\u2019\u00e9tat, he rounded on them with all the ferocity that he had experienced himself when being persecuted by the Portuguese political police. His health rapidly deteriorated, and two years later he was flown to Moscow, albeit too late, to seek a cure. He passed away on 10 September 1979.<\/p>\n<p>The Agostinho Neto Mausoleum was built in his honor in 2012. According to <a href=\"https:\/\/access.thebrightcontinent.org\/items\/show\/31\" target=\"_blank\" rel=\"noopener\">Sharelle M. Sturdivant-Thompson and Kathy Curnow<\/a>, the mausoleum &#8220;is an obelisk-like concrete structure towering above the city of Luanda. It occupies the center of the Agostinho Neto Cultural Center, which takes up 4,633 square miles of Luanda, and serves as Neto&#8217;s final resting place. &#8230; The tower was designed to reference Neto&#8217;s poem &#8220;The Path of Stars&#8221; and is named after his book &#8220;A Sacred Hope.&#8221;<\/p>\n<p>Below is Agostinho Neto&#8217;s <a href=\"https:\/\/afrolegends.com\/2017\/02\/24\/havemos-de-voltar-we-shall-return-by-agostinho-neto\/\" target=\"_blank\" rel=\"noopener\">poem<\/a> titled \u201cHavemos de Voltar\u201d (in Portuguese), meaning &#8220;We Shall Return&#8221; in English:<\/p>\n<table style=\"width: 72.363%;\">\n<tbody>\n<tr>\n<td style=\"width: 52.6703%;\" width=\"247\">\n<h4><strong>Havemos de voltar<\/strong><\/h4>\n<p>&nbsp;<\/p>\n<p><span style=\"font-size: 12pt;\">\u00c0s casas, \u00e0s nossas lavras<\/span><br \/>\n<span style=\"font-size: 12pt;\">\u00e0s praias, aos nossos campos<\/span><br \/>\n<span style=\"font-size: 12pt;\">havemos de voltar<\/span><\/p>\n<p><span style=\"font-size: 12pt;\">\u00c0S nossas terras<\/span><br \/>\n<span style=\"font-size: 12pt;\">vermelhas do caf\u00e9<\/span><br \/>\n<span style=\"font-size: 12pt;\">brancas de algod\u00e3o<\/span><br \/>\n<span style=\"font-size: 12pt;\">verdes dos milharais<\/span><br \/>\n<span style=\"font-size: 12pt;\">havemos de voltar<\/span><\/p>\n<p><span style=\"font-size: 12pt;\">\u00c0s nossas minas de diamantes<\/span><br \/>\n<span style=\"font-size: 12pt;\">ouro, cobre, de petr\u00f3leo<\/span><br \/>\n<span style=\"font-size: 12pt;\">havemos de voltar<\/span><\/p>\n<p><span style=\"font-size: 12pt;\">Aos nossos rios, nossos lagos<\/span><br \/>\n<span style=\"font-size: 12pt;\">\u00e0s montanhas, \u00e0s florestas<\/span><br \/>\n<span style=\"font-size: 12pt;\">havemos de voltar<\/span><\/p>\n<p><span style=\"font-size: 12pt;\">\u00c0 frescura da mulemba<\/span><br \/>\n<span style=\"font-size: 12pt;\">\u00e0s nossas tradi\u00e7\u00f5es<\/span><br \/>\n<span style=\"font-size: 12pt;\">aos ritmos e \u00e0s fogueiras<\/span><br \/>\n<span style=\"font-size: 12pt;\">havemos de voltar<\/span><\/p>\n<p><span style=\"font-size: 12pt;\">\u00c0 marimba e ao quissange<\/span><br \/>\n<span style=\"font-size: 12pt;\">ao nosso carnaval<\/span><br \/>\n<span style=\"font-size: 12pt;\">havemos de voltar<\/span><\/p>\n<p><span style=\"font-size: 12pt;\">\u00c0 bela p\u00e1tria angolana<\/span><br \/>\n<span style=\"font-size: 12pt;\">nossa terra, nossa m\u00e3e<\/span><br \/>\n<span style=\"font-size: 12pt;\">havemos de voltar<\/span><\/p>\n<p><span style=\"font-size: 12pt;\">Havemos de voltar<\/span><br \/>\n<span style=\"font-size: 12pt;\">\u00c0 Angola libertada<\/span><br \/>\n<span style=\"font-size: 12pt;\">Angola independente<\/span><\/td>\n<td style=\"width: 47.1455%;\" width=\"270\">\n<h4><strong>We shall return (Translation in English)<\/strong><\/h4>\n<p>&nbsp;<\/p>\n<p><span style=\"font-size: 12pt;\">To the houses, to our crops,<\/span><br \/>\n<span style=\"font-size: 12pt;\">to the beaches, to our fields<\/span><br \/>\n<span style=\"font-size: 12pt;\">we shall return<\/span><\/p>\n<p><span style=\"font-size: 12pt;\">To our lands<\/span><br \/>\n<span style=\"font-size: 12pt;\">Red with coffee<\/span><br \/>\n<span style=\"font-size: 12pt;\">White with cotton<\/span><br \/>\n<span style=\"font-size: 12pt;\">Green with maize fields<\/span><br \/>\n<span style=\"font-size: 12pt;\">we shall return<\/span><\/p>\n<p><span style=\"font-size: 12pt;\">To our mines of diamonds<\/span><br \/>\n<span style=\"font-size: 12pt;\">Gold, copper, oil<\/span><br \/>\n<span style=\"font-size: 12pt;\">we shall return<\/span><\/p>\n<p><span style=\"font-size: 12pt;\">To our rivers, our lakes<\/span><br \/>\n<span style=\"font-size: 12pt;\">our mountains, our forests<\/span><br \/>\n<span style=\"font-size: 12pt;\">we will return<\/span><\/p>\n<p><span style=\"font-size: 12pt;\">To the shade of the mulemba<\/span><br \/>\n<span style=\"font-size: 12pt;\">To our traditions<\/span><br \/>\n<span style=\"font-size: 12pt;\">To the rhythms and bonfires<\/span><br \/>\n<span style=\"font-size: 12pt;\">we shall return<\/span><\/p>\n<p><span style=\"font-size: 12pt;\">To the marimba and the quissange<\/span><br \/>\n<span style=\"font-size: 12pt;\">to our carnival<\/span><br \/>\n<span style=\"font-size: 12pt;\">we shall return<\/span><\/p>\n<p><span style=\"font-size: 12pt;\">To our beautiful Angolan homeland<\/span><br \/>\n<span style=\"font-size: 12pt;\">our land, our mother<\/span><br \/>\n<span style=\"font-size: 12pt;\">we shall return<\/span><\/p>\n<p><span style=\"font-size: 12pt;\">We shall return<\/span><br \/>\n<span style=\"font-size: 12pt;\">to liberated Angola<\/span><br \/>\n<span style=\"font-size: 12pt;\">independent Angola.<\/span><\/td>\n<\/tr>\n<\/tbody>\n<\/table>\n","protected":false},"excerpt":{"rendered":"<p>Ant\u00f3nio Agostinho Neto, African liberation revolutionary and former President of Angola who led and won the Angolan war for independence. Not only was he a remarkable politician, but Neto was also a noted physician and famous poet.<\/p>\n","protected":false},"author":1,"featured_media":15926,"comment_status":"closed","ping_status":"closed","sticky":false,"template":"","format":"standard","meta":{"iawp_total_views":27,"jnews-multi-image_gallery":[],"jnews_single_post":{"format":"standard","override":[{"template":"1","parallax":"1","fullscreen":"1","layout":"right-sidebar","sidebar":"default-sidebar","second_sidebar":"default-sidebar","sticky_sidebar":"1","share_position":"top","share_float_style":"share-monocrhome","show_featured":"1","show_post_meta":"1","show_post_author_image":"1","show_post_date":"1","post_date_format":"default","post_date_format_custom":"Y\/m\/d","show_post_reading_time":"0","post_reading_time_wpm":"300","post_calculate_word_method":"str_word_count","show_zoom_button":"0","zoom_button_out_step":"2","zoom_button_in_step":"3","show_post_tag":"1","number_popup_post":"1","show_post_related":"1","show_inline_post_related":"1"}],"image_override":[{"single_post_thumbnail_size":"crop-500","single_post_gallery_size":"crop-500"}],"trending_post_position":"meta","trending_post_label":"Trending","sponsored_post_label":"Sponsored by","disable_ad":"0","source_name":"Qiraat Africa","subtitle":""},"jnews_primary_category":[],"jnews_social_meta":[],"jnews_override_counter":{"view_counter_number":"0","share_counter_number":"0","like_counter_number":"0","dislike_counter_number":"0"},"footnotes":""},"categories":[9,30],"tags":[275,3958],"class_list":["post-15925","post","type-post","status-publish","format-standard","has-post-thumbnail","hentry","category-figures","category-southern-africa","tag-angola","tag-antonio-agostinho-neto"],"_links":{"self":[{"href":"https:\/\/qiraatafrican.com\/en\/wp-json\/wp\/v2\/posts\/15925","targetHints":{"allow":["GET"]}}],"collection":[{"href":"https:\/\/qiraatafrican.com\/en\/wp-json\/wp\/v2\/posts"}],"about":[{"href":"https:\/\/qiraatafrican.com\/en\/wp-json\/wp\/v2\/types\/post"}],"author":[{"embeddable":true,"href":"https:\/\/qiraatafrican.com\/en\/wp-json\/wp\/v2\/users\/1"}],"replies":[{"embeddable":true,"href":"https:\/\/qiraatafrican.com\/en\/wp-json\/wp\/v2\/comments?post=15925"}],"version-history":[{"count":0,"href":"https:\/\/qiraatafrican.com\/en\/wp-json\/wp\/v2\/posts\/15925\/revisions"}],"wp:featuredmedia":[{"embeddable":true,"href":"https:\/\/qiraatafrican.com\/en\/wp-json\/wp\/v2\/media\/15926"}],"wp:attachment":[{"href":"https:\/\/qiraatafrican.com\/en\/wp-json\/wp\/v2\/media?parent=15925"}],"wp:term":[{"taxonomy":"category","embeddable":true,"href":"https:\/\/qiraatafrican.com\/en\/wp-json\/wp\/v2\/categories?post=15925"},{"taxonomy":"post_tag","embeddable":true,"href":"https:\/\/qiraatafrican.com\/en\/wp-json\/wp\/v2\/tags?post=15925"}],"curies":[{"name":"wp","href":"https:\/\/api.w.org\/{rel}","templated":true}]}}